{"id":954,"date":"2019-12-11T10:00:03","date_gmt":"2019-12-11T13:00:03","guid":{"rendered":"https:\/\/www.hcdcoronelsuarez.gob.ar\/?p=954"},"modified":"2019-12-16T11:47:33","modified_gmt":"2019-12-16T14:47:33","slug":"asumio-el-flamante-intendente-no-descansare-hasta-ver-un-distrito-con-ocupacion-plena-con-union-y-consenso-que-nos-permita-tener-una-patria-libre-justa-y-solidaria","status":"publish","type":"post","link":"https:\/\/www.hcdcoronelsuarez.gob.ar\/index.php\/2019\/12\/11\/asumio-el-flamante-intendente-no-descansare-hasta-ver-un-distrito-con-ocupacion-plena-con-union-y-consenso-que-nos-permita-tener-una-patria-libre-justa-y-solidaria\/","title":{"rendered":"ASUMI\u00d3 EL FLAMANTE INTENDENTE: \u201cNO DESCANSAR\u00c9 HASTA VER UN DISTRITO CON OCUPACI\u00d3N PLENA, CON UNI\u00d3N Y CONSENSO QUE NOS PERMITA TENER UNA PATRIA LIBRE, JUSTA Y SOLIDARIA\u201d."},"content":{"rendered":"<p class=\"x_MsoNormal\" align=\"center\">Afirm\u00f3 Ricardo Moccero en su primer discurso como Intendente de Coronel Su\u00e1rez. Afirm\u00f3 que trabajar\u00e1 para reactivar la producci\u00f3n y el empleo en el distrito como forma de paliar la desocupaci\u00f3n y crisis reinante. Sostuvo que uno de los pilares de su gesti\u00f3n ser\u00e1 la EDUCACI\u00d3N, con la puesta en marcha de una Facultad P\u00fablica Presencial en el distrito tras la firma de un convenio con la Universidad Nacional del Sur.<\/p>\n<p class=\"x_MsoNormal\">Ante un recinto del Concejo Deliberante colmado de vecinos, Ricardo Moccero asumi\u00f3 su sexto mandato como Intendente Municipal de Coronel Su\u00e1rez, ayer, martes 10 de diciembre pasadas las 21 horas. Las fanfarrias de la Banda Municipal de M\u00fasica \u201cBartolom\u00e9 Meier\u201d ejecut\u00f3 la marcha oficial del Presidente de la Rep\u00fablica Argentina al momento de que Ricardo Moccero hizo su ingreso al recinto, ante el aplauso sostenido de simpatizantes que ovacionaron su paso.<\/p>\n<p class=\"x_MsoNormal\">Tras izar las banderas de ceremonias, se entonaron las estrofas del Himno Nacional y acto seguido el Presidente del Honorable Concejo Deliberante Fabi\u00e1n Gonz\u00e1lez, procedi\u00f3 a tomarle juramento de ley al Licenciado Ricardo Alejo Moccero, Intendente Municipal de Coronel Su\u00e1rez para el per\u00edodo 2019-2023.<\/p>\n<p class=\"x_MsoNormal\">En sus palabras, ya como Intendente Municipal, Ricardo Moccero agradeci\u00f3 la presencia de su \u201cquerida\u201d banda municipal \u201cBartolom\u00e9 Meier\u201d, aquella que fundara su padre Don Domingo Nicol\u00e1s Moccero hace casi 60 a\u00f1os.<\/p>\n<p class=\"x_MsoNormal\">\u201cGracias a mi querida Banda Municipal por el acompa\u00f1amiento de siempre, estamos orgullosos de nuestra banda y por eso, queremos que siga creciendo en formaci\u00f3n musical y tal cual fuera el pedido de sus integrantes, vamos a gestionar la construcci\u00f3n de una sede propia, porque valoramos su excelencia y sus ganas de crecer\u201d, se comprometi\u00f3 el Intendente.<\/p>\n<p class=\"x_MsoNormal\">Habl\u00e1ndole a la poblaci\u00f3n afirm\u00f3, \u201cgobernar\u00e9 para todos y dejar\u00e9 hasta la \u00faltima gota de mi sangre para que Coronel Su\u00e1rez vuelva a convertirse en el faro de la regi\u00f3n\u201d.<\/p>\n<p class=\"x_MsoNormal\">Expres\u00f3 su preocupaci\u00f3n por la hist\u00f3rica desocupaci\u00f3n que sufre el distrito de Coronel Su\u00e1rez, con m\u00e1s de 5 mil vecinos que han perdido su empleo.<\/p>\n<p class=\"x_MsoNormal\">\u201cSabemos que estamos atravesando una crisis muy fuerte a nivel nacional, provincial y municipal pero debemos trabajar duramente en aportar nuestro granito de arena que nos permita corregir este flagelo que afecta a nuestro pa\u00eds\u201d.<\/p>\n<p class=\"x_MsoNormal\">En tal sentido, adelant\u00f3 algunos ejes de trabajo desde donde avanzar\u00e1 con su GESTION DE TRABAJO.<\/p>\n<p class=\"x_MsoNormal\">\u201cVamos a poner en marcha un programa que se va a desarrollar en el \u00e1rea de Econom\u00eda Social, trabajando en forma conjunta con Producci\u00f3n, Empleo y Desarrollo Social donde haremos un listado de vecinos que pueda trabajar en cooperativas y hacer agricultura familiar, con el objetivo de avanzar en un banco de alimentos\u201d.<\/p>\n<p class=\"x_MsoNormal\">Adem\u00e1s, puntualiz\u00f3 que la EDUCACI\u00d3N ser\u00e1 clave para el crecimiento de Coronel Su\u00e1rez.<\/p>\n<p class=\"x_MsoNormal\">\u201cDebemos brindar talleres y cursos de capacitaci\u00f3n laborales, porque no solamente se trata de solucionar el tema del hambre sino que para que perdure en el tiempo debemos capacitar laboralmente a los vecinos\u201d.<\/p>\n<p class=\"x_MsoNormal\">La Facultad Presencial y Gratuita, tras un convenio que se firmar\u00e1 la semana pr\u00f3xima con la Universidad Nacional del Sur, ser\u00e1 parte del programa de Gobierno de la Gesti\u00f3n de Ricardo Moccero.<\/p>\n<p class=\"x_MsoNormal\">\u201cEl viernes \u2013prosigui\u00f3 el Jefe Comunal- estamos firmando con la Universidad Nacional del Sur para que, por primera vez en la historia de Coronel Su\u00e1rez, empiece a funcionar la facultad presencial como extensi\u00f3n \u00e1ulica, anunciando que se abrir\u00e1 la inscripci\u00f3n para Contador P\u00fablico, con la proyecci\u00f3n para el 2021, de impulsar la cursada de licenciaturas de Inform\u00e1tica, Ingenier\u00eda y Arquitectura.<\/p>\n<p class=\"x_MsoNormal\">Al hablar del \u00e1rea de Salud, destac\u00f3 el enorme compromiso de profesionales y t\u00e9cnicos de la salud, quienes brindaron un amplio apoyo al equipo encabezado por el doctor Fernando Migliavaca \u2013secretario\u2014y los doctores Daniel Muschong y Osvaldo Maldonado, ambos directores del \u00e1rea.<\/p>\n<p class=\"x_MsoNormal\">\u201cTodos trabajar\u00e1n de forma conjunta porque quieren que nuestro hospital vuelva a crecer\u201d.<\/p>\n<p class=\"x_MsoNormal\">Adelant\u00f3 su contacto con el flamante Ministro de Salud provincial, Daniel Goll\u00e1n quien en una reuni\u00f3n sostenida con Moccero el \u00faltimo lunes, se comprometi\u00f3 a visitar el distrito, poni\u00e9ndose a disposici\u00f3n para trabajar en redes en materia de salud regional.<\/p>\n<p class=\"x_MsoNormal\">\u201cPara nosotros, la salud de la poblaci\u00f3n es primordial y en eso no vamos a escatimar recursos para poder sostenerla\u201d.<\/p>\n<p class=\"x_MsoNormal\">Cerrando su discurso llam\u00f3 a la \u201cunidad\u201d de la poblaci\u00f3n, de las fuerzas vivas y pol\u00edticas, para trabajar en consenso para hacer de Coronel Su\u00e1rez, ese faro de la regi\u00f3n que con orgullo supimos ostentar.<\/p>\n<p class=\"x_MsoNormal\">\u201cDurante a\u00f1os hemos vivido en una divisi\u00f3n que ha destruido a nuestro pa\u00eds por eso debemos dar el ejemplo que Coronel Su\u00e1rez no est\u00e1 dividido, que Coronel Su\u00e1rez puede gestionar, puede legislar, puede aportarle a la poblaci\u00f3n eso que nosotros llamamos en pol\u00edtica una solidaridad manifiesta para hacer crecer a Coronel Su\u00e1rez\u201d.<\/p>\n<p class=\"x_MsoNormal\">\u201cLa prioridad \u2013continu\u00f3- la tenemos que basar en el dialogo, aceptando las ideas del otro. Creo que es un momento hist\u00f3rico para nosotros, donde tenemos que estar m\u00e1s unidos que nunca. No hay margen en nuestro pa\u00eds para seguir con las divisiones. Debemos levantar las banderas de la solidaridad y la justicia y demostrar que se puede\u201d.<\/p>\n<p class=\"x_MsoNormal\">\u201cCoronel Su\u00e1rez debe dar el ejemplo de uni\u00f3n. Debemos demostrar que se puede legislar y aportar a la poblaci\u00f3n una solidaridad manifiesta para que nuestro distrito progrese\u201d.<\/p>\n<p class=\"x_MsoNormal\">\u201cNo descansar\u00e9 hasta ver un distrito con ocupaci\u00f3n plena, con uni\u00f3n y consenso que nos permita tener una patria libre, justa y solidaria\u201d.<\/p>\n","protected":false},"excerpt":{"rendered":"<p>Afirm\u00f3 Ricardo Moccero en su primer discurso como Intendente de Coronel Su\u00e1rez. Afirm\u00f3 que trabajar\u00e1 para reactivar la producci\u00f3n y el empleo en el distrito como forma de paliar la desocupaci\u00f3n y crisis reinante. Sostuvo que uno de los pilares de su gesti\u00f3n ser\u00e1 la EDUCACI\u00d3N, con la puesta en marcha de una Facultad P\u00fablica Presencial en el distrito tras<\/p>\n<div class=\"h10\"><\/div>\n<p><a class=\"more-link1\" href=\"https:\/\/www.hcdcoronelsuarez.gob.ar\/index.php\/2019\/12\/11\/asumio-el-flamante-intendente-no-descansare-hasta-ver-un-distrito-con-ocupacion-plena-con-union-y-consenso-que-nos-permita-tener-una-patria-libre-justa-y-solidaria\/\">Read more<\/a><\/p>\n","protected":false},"author":1,"featured_media":959,"comment_status":"closed","ping_status":"closed","sticky":false,"template":"","format":"gallery","meta":{"footnotes":""},"categories":[1],"tags":[],"class_list":["post-954","post","type-post","status-publish","format-gallery","has-post-thumbnail","hentry","category-sin-categoria","post_format-post-format-gallery"],"_links":{"self":[{"href":"https:\/\/www.hcdcoronelsuarez.gob.ar\/index.php\/wp-json\/wp\/v2\/posts\/954","targetHints":{"allow":["GET"]}}],"collection":[{"href":"https:\/\/www.hcdcoronelsuarez.gob.ar\/index.php\/wp-json\/wp\/v2\/posts"}],"about":[{"href":"https:\/\/www.hcdcoronelsuarez.gob.ar\/index.php\/wp-json\/wp\/v2\/types\/post"}],"author":[{"embeddable":true,"href":"https:\/\/www.hcdcoronelsuarez.gob.ar\/index.php\/wp-json\/wp\/v2\/users\/1"}],"replies":[{"embeddable":true,"href":"https:\/\/www.hcdcoronelsuarez.gob.ar\/index.php\/wp-json\/wp\/v2\/comments?post=954"}],"version-history":[{"count":2,"href":"https:\/\/www.hcdcoronelsuarez.gob.ar\/index.php\/wp-json\/wp\/v2\/posts\/954\/revisions"}],"predecessor-version":[{"id":966,"href":"https:\/\/www.hcdcoronelsuarez.gob.ar\/index.php\/wp-json\/wp\/v2\/posts\/954\/revisions\/966"}],"wp:featuredmedia":[{"embeddable":true,"href":"https:\/\/www.hcdcoronelsuarez.gob.ar\/index.php\/wp-json\/wp\/v2\/media\/959"}],"wp:attachment":[{"href":"https:\/\/www.hcdcoronelsuarez.gob.ar\/index.php\/wp-json\/wp\/v2\/media?parent=954"}],"wp:term":[{"taxonomy":"category","embeddable":true,"href":"https:\/\/www.hcdcoronelsuarez.gob.ar\/index.php\/wp-json\/wp\/v2\/categories?post=954"},{"taxonomy":"post_tag","embeddable":true,"href":"https:\/\/www.hcdcoronelsuarez.gob.ar\/index.php\/wp-json\/wp\/v2\/tags?post=954"}],"curies":[{"name":"wp","href":"https:\/\/api.w.org\/{rel}","templated":true}]}}