{"id":943,"date":"2019-12-10T11:29:58","date_gmt":"2019-12-10T14:29:58","guid":{"rendered":"https:\/\/www.hcdcoronelsuarez.gob.ar\/?p=943"},"modified":"2019-12-16T11:35:40","modified_gmt":"2019-12-16T14:35:40","slug":"nuevas-autoridades-perla-soler-es-la-nueva-presidenta-del-consejo-escolar","status":"publish","type":"post","link":"https:\/\/www.hcdcoronelsuarez.gob.ar\/index.php\/2019\/12\/10\/nuevas-autoridades-perla-soler-es-la-nueva-presidenta-del-consejo-escolar\/","title":{"rendered":"NUEVAS AUTORIDADES: PERLA SOLER ES LA NUEVA PRESIDENTA DEL CONSEJO ESCOLAR"},"content":{"rendered":"<p class=\"x_MsoNormal\" align=\"center\">En la sesi\u00f3n preparatoria juraron los Consejeros Escolares electos en las \u00faltimas elecciones de octubre. Particip\u00f3 de la ceremonia el Intendente Electo Ricardo Moccero.<\/p>\n<p class=\"x_MsoNormal\">Con la presencia del Intendente Municipal Electo Ricardo Moccero, asumieron como Consejeros Escolares Maximiliano Margiotta, Mar\u00eda In\u00e9s Hipperdinger y Ezequiel Filipuzzi, quienes ejercer\u00e1n su funci\u00f3n durante el per\u00edodo 2019-2023.<\/p>\n<p class=\"x_MsoNormal\">Por unanimidad, result\u00f3 elegida nueva Presidenta del cuerpo de consejeros escolares Perla Soler, Vicepresidenta Susana Previsdomini, Tesorero Alfredo M\u00e9ndez y Secretaria Mar\u00eda In\u00e9s Hipperdinger.<\/p>\n<p class=\"x_MsoNormal\">\u201cQuiero darles la bienvenida a mis compa\u00f1eros y decirles, que m\u00e1s all\u00e1 de los colores pol\u00edticos tenemos que seguir apostando y fortaleciendo el gran equipo que somos porque esa es la \u00fanica manera en la que podemos atender a la diferencia y continuar brindando una educaci\u00f3n de calidad que es lo que nos demanda este tiempo, en este contexto social tan complejo\u201d resalt\u00f3 en su mensaje la nueva Presidenta del Consejo Escolar, Perla Soler.-<\/p>\n","protected":false},"excerpt":{"rendered":"<p>En la sesi\u00f3n preparatoria juraron los Consejeros Escolares electos en las \u00faltimas elecciones de octubre. Particip\u00f3 de la ceremonia el Intendente Electo Ricardo Moccero. Con la presencia del Intendente Municipal Electo Ricardo Moccero, asumieron como Consejeros Escolares Maximiliano Margiotta, Mar\u00eda In\u00e9s Hipperdinger y Ezequiel Filipuzzi, quienes ejercer\u00e1n su funci\u00f3n durante el per\u00edodo 2019-2023. Por unanimidad, result\u00f3 elegida nueva Presidenta del<\/p>\n<div class=\"h10\"><\/div>\n<p><a class=\"more-link1\" href=\"https:\/\/www.hcdcoronelsuarez.gob.ar\/index.php\/2019\/12\/10\/nuevas-autoridades-perla-soler-es-la-nueva-presidenta-del-consejo-escolar\/\">Read more<\/a><\/p>\n","protected":false},"author":1,"featured_media":944,"comment_status":"closed","ping_status":"closed","sticky":false,"template":"","format":"gallery","meta":{"footnotes":""},"categories":[1],"tags":[],"class_list":["post-943","post","type-post","status-publish","format-gallery","has-post-thumbnail","hentry","category-sin-categoria","post_format-post-format-gallery"],"_links":{"self":[{"href":"https:\/\/www.hcdcoronelsuarez.gob.ar\/index.php\/wp-json\/wp\/v2\/posts\/943","targetHints":{"allow":["GET"]}}],"collection":[{"href":"https:\/\/www.hcdcoronelsuarez.gob.ar\/index.php\/wp-json\/wp\/v2\/posts"}],"about":[{"href":"https:\/\/www.hcdcoronelsuarez.gob.ar\/index.php\/wp-json\/wp\/v2\/types\/post"}],"author":[{"embeddable":true,"href":"https:\/\/www.hcdcoronelsuarez.gob.ar\/index.php\/wp-json\/wp\/v2\/users\/1"}],"replies":[{"embeddable":true,"href":"https:\/\/www.hcdcoronelsuarez.gob.ar\/index.php\/wp-json\/wp\/v2\/comments?post=943"}],"version-history":[{"count":1,"href":"https:\/\/www.hcdcoronelsuarez.gob.ar\/index.php\/wp-json\/wp\/v2\/posts\/943\/revisions"}],"predecessor-version":[{"id":953,"href":"https:\/\/www.hcdcoronelsuarez.gob.ar\/index.php\/wp-json\/wp\/v2\/posts\/943\/revisions\/953"}],"wp:featuredmedia":[{"embeddable":true,"href":"https:\/\/www.hcdcoronelsuarez.gob.ar\/index.php\/wp-json\/wp\/v2\/media\/944"}],"wp:attachment":[{"href":"https:\/\/www.hcdcoronelsuarez.gob.ar\/index.php\/wp-json\/wp\/v2\/media?parent=943"}],"wp:term":[{"taxonomy":"category","embeddable":true,"href":"https:\/\/www.hcdcoronelsuarez.gob.ar\/index.php\/wp-json\/wp\/v2\/categories?post=943"},{"taxonomy":"post_tag","embeddable":true,"href":"https:\/\/www.hcdcoronelsuarez.gob.ar\/index.php\/wp-json\/wp\/v2\/tags?post=943"}],"curies":[{"name":"wp","href":"https:\/\/api.w.org\/{rel}","templated":true}]}}