{"id":931,"date":"2019-12-11T11:16:58","date_gmt":"2019-12-11T14:16:58","guid":{"rendered":"https:\/\/www.hcdcoronelsuarez.gob.ar\/?p=931"},"modified":"2019-12-16T11:29:42","modified_gmt":"2019-12-16T14:29:42","slug":"por-su-rol-conciliador-fabian-gonzalez-fue-elegido-presidente-del-concejo-deliberante","status":"publish","type":"post","link":"https:\/\/www.hcdcoronelsuarez.gob.ar\/index.php\/2019\/12\/11\/por-su-rol-conciliador-fabian-gonzalez-fue-elegido-presidente-del-concejo-deliberante\/","title":{"rendered":"POR SU ROL CONCILIADOR: FABI\u00c1N GONZ\u00c1LEZ FUE ELEGIDO PRESIDENTE DEL CONCEJO DELIBERANTE"},"content":{"rendered":"<p class=\"x_MsoNormal\" align=\"center\">En tanto, la concejal del Frente de Todos, Carolina Radice fue elegida Vice Presidenta; Zen\u00f3n Ponce, vicepresidente segundo y la concejal de Juntos por el Cambio, la abogada Valeria Negr\u00edn, como secretaria.<\/p>\n<p class=\"x_MsoNormal\">En sesi\u00f3n preparatoria, los concejales electos, en las \u00faltimas elecciones de octubre tomaron juramento oficial y que tendr\u00e1n mandato hasta diciembre de 2023.<\/p>\n<p class=\"x_MsoNormal\">Por el Frente de Todos tomaron promesa Mauro Moccero, Zen\u00f3n Ponce y Sof\u00eda Ochoteco; mientras que por Juntos por el Cambio lo hicieron Ricardo Salerno, Eugenia P\u00e9rez, Diego Schneider y Valeria Negr\u00edn.<\/p>\n","protected":false},"excerpt":{"rendered":"<p>En tanto, la concejal del Frente de Todos, Carolina Radice fue elegida Vice Presidenta; Zen\u00f3n Ponce, vicepresidente segundo y la concejal de Juntos por el Cambio, la abogada Valeria Negr\u00edn, como secretaria. En sesi\u00f3n preparatoria, los concejales electos, en las \u00faltimas elecciones de octubre tomaron juramento oficial y que tendr\u00e1n mandato hasta diciembre de 2023. Por el Frente de Todos<\/p>\n<div class=\"h10\"><\/div>\n<p><a class=\"more-link1\" href=\"https:\/\/www.hcdcoronelsuarez.gob.ar\/index.php\/2019\/12\/11\/por-su-rol-conciliador-fabian-gonzalez-fue-elegido-presidente-del-concejo-deliberante\/\">Read more<\/a><\/p>\n","protected":false},"author":1,"featured_media":938,"comment_status":"closed","ping_status":"closed","sticky":false,"template":"","format":"gallery","meta":{"footnotes":""},"categories":[1],"tags":[],"class_list":["post-931","post","type-post","status-publish","format-gallery","has-post-thumbnail","hentry","category-sin-categoria","post_format-post-format-gallery"],"_links":{"self":[{"href":"https:\/\/www.hcdcoronelsuarez.gob.ar\/index.php\/wp-json\/wp\/v2\/posts\/931","targetHints":{"allow":["GET"]}}],"collection":[{"href":"https:\/\/www.hcdcoronelsuarez.gob.ar\/index.php\/wp-json\/wp\/v2\/posts"}],"about":[{"href":"https:\/\/www.hcdcoronelsuarez.gob.ar\/index.php\/wp-json\/wp\/v2\/types\/post"}],"author":[{"embeddable":true,"href":"https:\/\/www.hcdcoronelsuarez.gob.ar\/index.php\/wp-json\/wp\/v2\/users\/1"}],"replies":[{"embeddable":true,"href":"https:\/\/www.hcdcoronelsuarez.gob.ar\/index.php\/wp-json\/wp\/v2\/comments?post=931"}],"version-history":[{"count":1,"href":"https:\/\/www.hcdcoronelsuarez.gob.ar\/index.php\/wp-json\/wp\/v2\/posts\/931\/revisions"}],"predecessor-version":[{"id":942,"href":"https:\/\/www.hcdcoronelsuarez.gob.ar\/index.php\/wp-json\/wp\/v2\/posts\/931\/revisions\/942"}],"wp:featuredmedia":[{"embeddable":true,"href":"https:\/\/www.hcdcoronelsuarez.gob.ar\/index.php\/wp-json\/wp\/v2\/media\/938"}],"wp:attachment":[{"href":"https:\/\/www.hcdcoronelsuarez.gob.ar\/index.php\/wp-json\/wp\/v2\/media?parent=931"}],"wp:term":[{"taxonomy":"category","embeddable":true,"href":"https:\/\/www.hcdcoronelsuarez.gob.ar\/index.php\/wp-json\/wp\/v2\/categories?post=931"},{"taxonomy":"post_tag","embeddable":true,"href":"https:\/\/www.hcdcoronelsuarez.gob.ar\/index.php\/wp-json\/wp\/v2\/tags?post=931"}],"curies":[{"name":"wp","href":"https:\/\/api.w.org\/{rel}","templated":true}]}}