{"id":880,"date":"2019-08-27T10:30:56","date_gmt":"2019-08-27T13:30:56","guid":{"rendered":"http:\/\/www.hcdcoronelsuarez.gob.ar\/?p=880"},"modified":"2019-09-03T10:32:46","modified_gmt":"2019-09-03T13:32:46","slug":"al-final-aparecieron-los-expedientes-extraviados-de-becas","status":"publish","type":"post","link":"https:\/\/www.hcdcoronelsuarez.gob.ar\/index.php\/2019\/08\/27\/al-final-aparecieron-los-expedientes-extraviados-de-becas\/","title":{"rendered":"Al final, aparecieron los expedientes \u201cextraviados\u201d de becas."},"content":{"rendered":"<div class=\"adelanto\">\n<p>El lunes por la tarde los analizaba la Comisi\u00f3n de Becas del Concejo Deliberante.<\/p>\n<\/div>\n<div class=\"text\">\n<p>La informaci\u00f3n la brind\u00f3 la Presidenta de esa Comisi\u00f3n, Griselda Castelluccio.<\/p>\n<p>\u201cEl martes de la semana pasada nos reunimos la Comisi\u00f3n de Becas para comenzar a analizar algunos expedientes que quedaban y que ten\u00edamos que ver. En general, la mayor\u00eda de los expedientes, que estaban en condiciones, ya salieron. De acuerdo al dinero que tenemos nosotros vamos sacando nuevos expedientes. Ahora nos queda un peque\u00f1o remanente, y la idea era trabajar sobre esos expedientes que ingresaron. La mayor\u00eda de esos expedientes est\u00e1n muy bajo de porcentaje o en algunos casos figura, en la nota de elevaci\u00f3n, \u2018sin documentaci\u00f3n\u2019 o \u2018documentaci\u00f3n incompleta\u2019\u201d.<\/p>\n<p>Explica que \u201cde esos expedientes que ingresaron, 102, aparentemente, una nota de elevaci\u00f3n completa de 30, nosotros nos pondremos a controlar y a tildar a cada uno de ellos, y nos encontramos con que esos no estaban. Algunos de los integrantes de esta Comisi\u00f3n, Fabiana Maldonado, Fabi\u00e1n Gonz\u00e1lez y yo, fuimos a hablar con Despacho, siguiendo el camino de esos expedientes, que antes de ingresar al Concejo primero ingresan a Despacho. Ellos miraron por la computadora y, aparentemente, les figuraba que estaban en Desarrollo Social. Luego, los otros dos Concejales mencionados fueron a Desarrollo Social \u2013yo tuve que hacer un viaje por cuestiones de salud- y ah\u00ed les dijeron que no estaban, que hab\u00edan sido ingresados a Despacho y de ah\u00ed al Concejo Deliberante. Pero, cuando nosotros estuvimos en Despacho, nos dijeron que se hab\u00eda ca\u00eddo el sistema varios d\u00edas y que por ah\u00ed se prest\u00f3 a alguna confusi\u00f3n; algunos se ingresaron a mano, no se cargaron\u2026 ah\u00ed no sabemos bien lo que sucedi\u00f3\u201d.<\/p>\n<p>Agrega la Concejal Castelluccio que, \u201ces de p\u00fablico conocimiento, que un vecino sali\u00f3 a hablar de estos expedientes. Lo \u00fanico que yo puedo asegurar, como integrante de esta Comisi\u00f3n, es que, en el Concejo Deliberante, en nuestra Comisi\u00f3n, entre los expedientes que hab\u00eda, esos 30 no estaban. Que fuimos a Despacho y ah\u00ed nos dijeron que estaban en Desarrollo Social\u201d.<\/p>\n<p>Pero ahora aparecieron los susodichos expedientes&#8230; \u00a1estaban en Despacho!<\/p>\n<p>\u201cQuiero aclarar que el trabajo de la Comisi\u00f3n es impecable, siempre atentos a las necesidades de la gente. La Secretaria de nuestro bloque, la Sra. M\u00f3nica Vallejos, atiende a todos por igual, escucha los reclamos, los anota. Nosotros nos interiorizamos y vemos qu\u00e9 se puede hacer. No quiero que se dude del trabajo de la Comisi\u00f3n, porque siempre estamos dispuestos a ver la necesidad, se entregan becas en funci\u00f3n del dinero que tenemos, tratamos de llegar a la mayor cantidad de familias posibles. Este a\u00f1o hemos superado largamente el n\u00famero de becas. Con respecto al a\u00f1o anterior estamos entregando 50 m\u00e1s. Este a\u00f1o llevamos entregadas 339 becas entre transporte, terciarias, de honor y especiales\u201d.<\/p>\n<p>Record\u00f3 la Concejal Castelluccio que las becas se entregan en funci\u00f3n de lo que dispone la ordenanza que establece algunos requisitos: \u201cel porcentaje de la carrera aprobado, la situaci\u00f3n socio econ\u00f3mica de acuerdo a la entrevista que les haya hecho la asistente de Desarrollo Social.<\/p>\n<p>Esos son los dos puntos que nosotros m\u00e1s nos fijamos. Los sueldos, los ingresos, las comodidades de cada familia. Darle, le podr\u00edamos dar a todos. Pero hay gente que esforz\u00e1ndose un poquito le puede dar estudios a sus hijos, y hay gente que, aunque se esfuerce, no lo puede hacer\u201d.<\/p>\n<\/div>\n<div><\/div>\n<div><em>Fuente: La Nueva Radio Su\u00e1rez<\/em><\/div>\n","protected":false},"excerpt":{"rendered":"<p>El lunes por la tarde los analizaba la Comisi\u00f3n de Becas del Concejo Deliberante. La informaci\u00f3n la brind\u00f3 la Presidenta de esa Comisi\u00f3n, Griselda Castelluccio. \u201cEl martes de la semana pasada nos reunimos la Comisi\u00f3n de Becas para comenzar a analizar algunos expedientes que quedaban y que ten\u00edamos que ver. En general, la mayor\u00eda de los expedientes, que estaban en<\/p>\n<div class=\"h10\"><\/div>\n<p><a class=\"more-link1\" href=\"https:\/\/www.hcdcoronelsuarez.gob.ar\/index.php\/2019\/08\/27\/al-final-aparecieron-los-expedientes-extraviados-de-becas\/\">Read more<\/a><\/p>\n","protected":false},"author":1,"featured_media":881,"comment_status":"closed","ping_status":"closed","sticky":false,"template":"","format":"standard","meta":{"footnotes":""},"categories":[1],"tags":[],"class_list":["post-880","post","type-post","status-publish","format-standard","has-post-thumbnail","hentry","category-sin-categoria"],"_links":{"self":[{"href":"https:\/\/www.hcdcoronelsuarez.gob.ar\/index.php\/wp-json\/wp\/v2\/posts\/880","targetHints":{"allow":["GET"]}}],"collection":[{"href":"https:\/\/www.hcdcoronelsuarez.gob.ar\/index.php\/wp-json\/wp\/v2\/posts"}],"about":[{"href":"https:\/\/www.hcdcoronelsuarez.gob.ar\/index.php\/wp-json\/wp\/v2\/types\/post"}],"author":[{"embeddable":true,"href":"https:\/\/www.hcdcoronelsuarez.gob.ar\/index.php\/wp-json\/wp\/v2\/users\/1"}],"replies":[{"embeddable":true,"href":"https:\/\/www.hcdcoronelsuarez.gob.ar\/index.php\/wp-json\/wp\/v2\/comments?post=880"}],"version-history":[{"count":2,"href":"https:\/\/www.hcdcoronelsuarez.gob.ar\/index.php\/wp-json\/wp\/v2\/posts\/880\/revisions"}],"predecessor-version":[{"id":883,"href":"https:\/\/www.hcdcoronelsuarez.gob.ar\/index.php\/wp-json\/wp\/v2\/posts\/880\/revisions\/883"}],"wp:featuredmedia":[{"embeddable":true,"href":"https:\/\/www.hcdcoronelsuarez.gob.ar\/index.php\/wp-json\/wp\/v2\/media\/881"}],"wp:attachment":[{"href":"https:\/\/www.hcdcoronelsuarez.gob.ar\/index.php\/wp-json\/wp\/v2\/media?parent=880"}],"wp:term":[{"taxonomy":"category","embeddable":true,"href":"https:\/\/www.hcdcoronelsuarez.gob.ar\/index.php\/wp-json\/wp\/v2\/categories?post=880"},{"taxonomy":"post_tag","embeddable":true,"href":"https:\/\/www.hcdcoronelsuarez.gob.ar\/index.php\/wp-json\/wp\/v2\/tags?post=880"}],"curies":[{"name":"wp","href":"https:\/\/api.w.org\/{rel}","templated":true}]}}