{"id":877,"date":"2019-08-29T10:22:35","date_gmt":"2019-08-29T13:22:35","guid":{"rendered":"http:\/\/www.hcdcoronelsuarez.gob.ar\/?p=877"},"modified":"2019-09-03T10:31:30","modified_gmt":"2019-09-03T13:31:30","slug":"el-movimiento-para-la-victoria-avanza-en-gestiones-para-que-las-designaciones-de-docentes-de-huanguelen-se-produzcan-en-su-localidad","status":"publish","type":"post","link":"https:\/\/www.hcdcoronelsuarez.gob.ar\/index.php\/2019\/08\/29\/el-movimiento-para-la-victoria-avanza-en-gestiones-para-que-las-designaciones-de-docentes-de-huanguelen-se-produzcan-en-su-localidad\/","title":{"rendered":"El Movimiento para la Victoria avanza en gestiones para que las designaciones de docentes de Huanguel\u00e9n se produzcan en su localidad."},"content":{"rendered":"<p>En un proyecto de resoluci\u00f3n que se elevar\u00e1 al Ejecutivo, el Movimiento para la Victoria requerir\u00e1 que se avance en gestiones que den una soluci\u00f3n definitiva a una problem\u00e1tica que aqueja a los m\u00e1s de cien docentes de la localidad de Huanguel\u00e9n que para tomar un cargo deben viajar hasta Coronel Su\u00e1rez.<\/p>\n<p>En este sentido, se exhortar\u00e1 al Gobierno Municipal que gestione ante el Nivel Central de Asuntos Docentes de la Provincia de Buenos Aires la posibilidad de llevar a cabo las designaciones con los docentes que viven en Huanguel\u00e9n a trav\u00e9s de videoconferencias, en forma simult\u00e1nea con la SAD de Coronel Su\u00e1rez, dado que las convocatorias, en ocasiones, se hacen con un plazo no mayor a media hora, tiempo insuficiente para que los docentes de la localidad m\u00e1s importante del interior del distrito puedan llegar a la ciudad cabecera, distante a 90 kil\u00f3metros.<\/p>\n<p><em>Fuente: La Nueva Radio Su\u00e1rez<\/em><\/p>\n","protected":false},"excerpt":{"rendered":"<p>En un proyecto de resoluci\u00f3n que se elevar\u00e1 al Ejecutivo, el Movimiento para la Victoria requerir\u00e1 que se avance en gestiones que den una soluci\u00f3n definitiva a una problem\u00e1tica que aqueja a los m\u00e1s de cien docentes de la localidad de Huanguel\u00e9n que para tomar un cargo deben viajar hasta Coronel Su\u00e1rez. En este sentido, se exhortar\u00e1 al Gobierno Municipal<\/p>\n<div class=\"h10\"><\/div>\n<p><a class=\"more-link1\" href=\"https:\/\/www.hcdcoronelsuarez.gob.ar\/index.php\/2019\/08\/29\/el-movimiento-para-la-victoria-avanza-en-gestiones-para-que-las-designaciones-de-docentes-de-huanguelen-se-produzcan-en-su-localidad\/\">Read more<\/a><\/p>\n","protected":false},"author":1,"featured_media":878,"comment_status":"closed","ping_status":"closed","sticky":false,"template":"","format":"standard","meta":{"footnotes":""},"categories":[5,1],"tags":[],"class_list":["post-877","post","type-post","status-publish","format-standard","has-post-thumbnail","hentry","category-frente-de-todos","category-sin-categoria"],"_links":{"self":[{"href":"https:\/\/www.hcdcoronelsuarez.gob.ar\/index.php\/wp-json\/wp\/v2\/posts\/877","targetHints":{"allow":["GET"]}}],"collection":[{"href":"https:\/\/www.hcdcoronelsuarez.gob.ar\/index.php\/wp-json\/wp\/v2\/posts"}],"about":[{"href":"https:\/\/www.hcdcoronelsuarez.gob.ar\/index.php\/wp-json\/wp\/v2\/types\/post"}],"author":[{"embeddable":true,"href":"https:\/\/www.hcdcoronelsuarez.gob.ar\/index.php\/wp-json\/wp\/v2\/users\/1"}],"replies":[{"embeddable":true,"href":"https:\/\/www.hcdcoronelsuarez.gob.ar\/index.php\/wp-json\/wp\/v2\/comments?post=877"}],"version-history":[{"count":1,"href":"https:\/\/www.hcdcoronelsuarez.gob.ar\/index.php\/wp-json\/wp\/v2\/posts\/877\/revisions"}],"predecessor-version":[{"id":879,"href":"https:\/\/www.hcdcoronelsuarez.gob.ar\/index.php\/wp-json\/wp\/v2\/posts\/877\/revisions\/879"}],"wp:featuredmedia":[{"embeddable":true,"href":"https:\/\/www.hcdcoronelsuarez.gob.ar\/index.php\/wp-json\/wp\/v2\/media\/878"}],"wp:attachment":[{"href":"https:\/\/www.hcdcoronelsuarez.gob.ar\/index.php\/wp-json\/wp\/v2\/media?parent=877"}],"wp:term":[{"taxonomy":"category","embeddable":true,"href":"https:\/\/www.hcdcoronelsuarez.gob.ar\/index.php\/wp-json\/wp\/v2\/categories?post=877"},{"taxonomy":"post_tag","embeddable":true,"href":"https:\/\/www.hcdcoronelsuarez.gob.ar\/index.php\/wp-json\/wp\/v2\/tags?post=877"}],"curies":[{"name":"wp","href":"https:\/\/api.w.org\/{rel}","templated":true}]}}