{"id":698,"date":"2018-09-14T08:53:42","date_gmt":"2018-09-14T11:53:42","guid":{"rendered":"http:\/\/www.hcdcoronelsuarez.gob.ar\/?p=698"},"modified":"2018-09-18T08:57:32","modified_gmt":"2018-09-18T11:57:32","slug":"programa-parlamento-juvenil","status":"publish","type":"post","link":"https:\/\/www.hcdcoronelsuarez.gob.ar\/index.php\/2018\/09\/14\/programa-parlamento-juvenil\/","title":{"rendered":"Programa Parlamento Juvenil"},"content":{"rendered":"<p align=\"justify\">El HCD invita a los j\u00f3venes a participar del Programa Parlamento Juvenil<\/p>\n<p align=\"justify\">Por un trabajo de la Comisi\u00f3n de \u201cInterpretaci\u00f3n y Reglamento\u201d consensuado con los Centros de Estudiantes y la Federaci\u00f3n de Centros de Estudiantes que los aglutina, el Honorable Concejo Deliberante sancion\u00f3 &#8211; el 9 de septiembre &#8211; la Ordenanza N\u00b0 6.956 que crea en el \u00e1mbito de dicho Concejo el \u201cParlamento Juvenil de Coronel Su\u00e1rez\u201d.<\/p>\n<div align=\"justify\">\n<p>El proyecto inicia por un pedido de los j\u00f3venes estudiantes de Coronel Su\u00e1rez presentado en dos oportunidades al HCD desde el tradicional Cabildo Abierto.<\/p>\n<p>Los requisitos para aquellos j\u00f3venes que quieran participar para ser Parlamentarios tienen que ver con la presentaci\u00f3n de j\u00f3venes entre 16 y 21 a\u00f1os por medio de un proyecto a tratarse en la sesi\u00f3n a inscribirse. Cabe se\u00f1alar que pueden ser J\u00f3venes escolarizados o no, pero deben cumplir esa franja etaria.<\/p>\n<p>Los j\u00f3venes interesados tienen tiempo de inscribirte en el listado de sesi\u00f3n hasta el 4 de octubre (inclusive) en la secretar\u00eda administrativa del HCD, que est\u00e1 ubicada en el primer piso del Palacio Municipal, de 9:00 a 13.00.<\/p>\n<p>El Parlamento en cada sesi\u00f3n estar\u00e1 constituido por diecis\u00e9is representantes llamados \u201cParlamentarios Juveniles\u201d (los primeros 16 inscriptos), que sesionar\u00e1n en calidad de parlamentarios con car\u00e1cter honorario (no remunerado). Se elegir\u00e1n diecis\u00e9is parlamentarios suplentes, siempre dependiendo del orden de inscripci\u00f3n, que no tendr\u00e1n voz ni voto e integrar\u00e1n el Parlamento Juvenil en caso de vacancia del titular.<\/p>\n<p>El Parlamento realizar\u00e1 sus sesiones en el Recinto de Sesiones del Honorable Concejo Deliberante.<\/p>\n<p>Los proyectos aprobados bajo la modalidad \u201cpr\u00e1ctica\u201d por el Parlamento Juvenil, ingresar\u00e1n por la secretar\u00eda del Honorable Concejo Deliberante y ser\u00e1n incluidos en el orden del d\u00eda de la siguiente sesi\u00f3n ordinaria del Honorable Concejo Deliberante, para ser ingresados como \u201cComunicaciones del Parlamento Juvenil\u201d, y girados a las respectivas Comisiones del Cuerpo Deliberativo mediante la conformaci\u00f3n de expedientes.<\/p>\n<p>A su vez, el lunes 24 de septiembre &#8211; a las 19:00 &#8211; se dar\u00e1 charla informativa en la sala H.C.D. para todos los j\u00f3venes interesados en participar. All\u00ed se explicar\u00e1 el funcionamiento del HCD, la tarea, fines y objetivos del Parlamento Juvenil de Coronel Su\u00e1rez y de sus miembros.<\/p>\n<p>Las funciones del Parlamento Juvenil ser\u00e1n: \u201ccrear un espacio de inclusi\u00f3n y participaci\u00f3n de los j\u00f3venes, donde el debate de ideas sobre las problem\u00e1ticas, iniciativas y demandas del sector puedan ser visualizadas por la comunidad reflejando su importancia\u201d.<\/p>\n<p>Por otro lado, \u201cservir como lugar de proposici\u00f3n, tanto al Departamento Ejecutivo Municipal como al Honorable Concejo Deliberante, de ideas para el mejoramiento de la calidad de vida de los j\u00f3venes\u201d.<\/p>\n<p>Adem\u00e1s el Parlamento Juvenil pretende \u201celaborar y formular propuestas que puedan traducirse en pol\u00edticas p\u00fablicas y sociales que intervengan atendiendo la especificidad de las necesidades de dicho sector\u201d.<\/p>\n<p>Por \u00faltimo, la idea es \u201cproponer proyectos, obras, acciones y actividades a fin de defender y mejorar la calidad de vida de los j\u00f3venes, contribuyendo al fortalecimiento de sus sentimientos de v\u00ednculos c\u00edvicos con la comunidad\u201d.<\/p>\n<\/div>\n","protected":false},"excerpt":{"rendered":"<p>El HCD invita a los j\u00f3venes a participar del Programa Parlamento Juvenil Por un trabajo de la Comisi\u00f3n de \u201cInterpretaci\u00f3n y Reglamento\u201d consensuado con los Centros de Estudiantes y la Federaci\u00f3n de Centros de Estudiantes que los aglutina, el Honorable Concejo Deliberante sancion\u00f3 &#8211; el 9 de septiembre &#8211; la Ordenanza N\u00b0 6.956 que crea en el \u00e1mbito de dicho<\/p>\n<div class=\"h10\"><\/div>\n<p><a class=\"more-link1\" href=\"https:\/\/www.hcdcoronelsuarez.gob.ar\/index.php\/2018\/09\/14\/programa-parlamento-juvenil\/\">Read more<\/a><\/p>\n","protected":false},"author":1,"featured_media":699,"comment_status":"closed","ping_status":"closed","sticky":false,"template":"","format":"standard","meta":{"footnotes":""},"categories":[1],"tags":[],"class_list":["post-698","post","type-post","status-publish","format-standard","has-post-thumbnail","hentry","category-sin-categoria"],"_links":{"self":[{"href":"https:\/\/www.hcdcoronelsuarez.gob.ar\/index.php\/wp-json\/wp\/v2\/posts\/698","targetHints":{"allow":["GET"]}}],"collection":[{"href":"https:\/\/www.hcdcoronelsuarez.gob.ar\/index.php\/wp-json\/wp\/v2\/posts"}],"about":[{"href":"https:\/\/www.hcdcoronelsuarez.gob.ar\/index.php\/wp-json\/wp\/v2\/types\/post"}],"author":[{"embeddable":true,"href":"https:\/\/www.hcdcoronelsuarez.gob.ar\/index.php\/wp-json\/wp\/v2\/users\/1"}],"replies":[{"embeddable":true,"href":"https:\/\/www.hcdcoronelsuarez.gob.ar\/index.php\/wp-json\/wp\/v2\/comments?post=698"}],"version-history":[{"count":1,"href":"https:\/\/www.hcdcoronelsuarez.gob.ar\/index.php\/wp-json\/wp\/v2\/posts\/698\/revisions"}],"predecessor-version":[{"id":700,"href":"https:\/\/www.hcdcoronelsuarez.gob.ar\/index.php\/wp-json\/wp\/v2\/posts\/698\/revisions\/700"}],"wp:featuredmedia":[{"embeddable":true,"href":"https:\/\/www.hcdcoronelsuarez.gob.ar\/index.php\/wp-json\/wp\/v2\/media\/699"}],"wp:attachment":[{"href":"https:\/\/www.hcdcoronelsuarez.gob.ar\/index.php\/wp-json\/wp\/v2\/media?parent=698"}],"wp:term":[{"taxonomy":"category","embeddable":true,"href":"https:\/\/www.hcdcoronelsuarez.gob.ar\/index.php\/wp-json\/wp\/v2\/categories?post=698"},{"taxonomy":"post_tag","embeddable":true,"href":"https:\/\/www.hcdcoronelsuarez.gob.ar\/index.php\/wp-json\/wp\/v2\/tags?post=698"}],"curies":[{"name":"wp","href":"https:\/\/api.w.org\/{rel}","templated":true}]}}