{"id":662,"date":"2018-09-01T10:29:03","date_gmt":"2018-09-01T13:29:03","guid":{"rendered":"http:\/\/www.hcdcoronelsuarez.gob.ar\/?p=662"},"modified":"2018-09-12T10:33:07","modified_gmt":"2018-09-12T13:33:07","slug":"proyecto-joven-y-encuentro-con-las-juntas-vecinales","status":"publish","type":"post","link":"https:\/\/www.hcdcoronelsuarez.gob.ar\/index.php\/2018\/09\/01\/proyecto-joven-y-encuentro-con-las-juntas-vecinales\/","title":{"rendered":"Proyecto Joven y encuentro con las Juntas Vecinales"},"content":{"rendered":"<div>\n<p style=\"text-align: justify;\">La propuesta para dar mayor participaci\u00f3n a la comunidad.<\/p>\n<\/div>\n<div style=\"text-align: justify;\">Con la intenci\u00f3n de garantizar la plena participaci\u00f3n de la poblaci\u00f3n, que los vecinos puedan ser escuchados, el Concejal Pedro Rodr\u00edguez, del espacio Cambiemos, est\u00e1 apostando fuertemente en dos propuestas espec\u00edficas.<\/p>\n<p>Por un lado, en concretar la participaci\u00f3n de los j\u00f3venes a trav\u00e9s del Proyecto Joven. Y por el otro, en reverdecer el contacto de las Juntas Vecinales con los dirigentes y funcionarios, para que puedan ser escuchadas en sus reclamos y propuestas.<\/p>\n<p>Consultado, el Concejal Rodr\u00edguez dijo a La Nueva Radio Su\u00e1rez que \u201cla comisi\u00f3n Proyecto Joven, en el seno del Concejo Deliberante, tiene como principal objetivo fomentar e incentivar la representaci\u00f3n y la participaci\u00f3n de los j\u00f3venes y los Centros de Estudiantes en el Concejo, a partir de las propuestas de acciones, iniciativas o ideas que interesen al sector y que puedan ser llevadas adelante en el \u00f3rgano deliberativo\u201d.<\/p>\n<p>El d\u00eda jueves se dio el puntapi\u00e9 inicial para esta Comisi\u00f3n, eligiendo sus autoridades, un cronograma de reuniones y los temas a tratar.<\/p>\n<p>\u201cTodos nos pusimos de acuerdo en que los Concejales que deber\u00edan ser las autoridades de esta Comisi\u00f3n sean los m\u00e1s j\u00f3venes que tiene el Cuerpo\u201d, dijo Rodr\u00edguez. Fue electa Carolina Cerri como Presidenta, Gast\u00f3n Duarte como Secretario y Pablo Mart\u00ednez como Vicepresidente.<\/p>\n<p>\u201cLos j\u00f3venes est\u00e1n muy contentos porque hac\u00eda tiempo que se ven\u00eda solicitando que los j\u00f3venes tengan un lugar en el cual expresar sus ideas, institucionalizar su participaci\u00f3n. Para ellos es hist\u00f3rico esta posibilidad que se les est\u00e1 brindando en el seno del Concejo Deliberante\u201d, dijo el Concejal de Cambiemos.<\/p>\n<p>Record\u00f3 que hace poco se aprob\u00f3 \u201cel Parlamento Juvenil de Coronel Su\u00e1rez, que va a tener dos reuniones anuales, en las cuales se va a realizar la pr\u00e1ctica de Concejal. Diecis\u00e9is j\u00f3venes que se inscriban van a tener la oportunidad de debatir proyectos y aprobarlos de manera simulada.<\/p>\n<p>Esta comisi\u00f3n de Proyecto Joven va a actuar tambi\u00e9n como centro generador de ideas y participaci\u00f3n alrededor del Parlamento Juvenil. Muchos de los chicos que est\u00e1n representados en Proyecto Joven luego van a tener esa pr\u00e1ctica, esa gimnasia de la comisi\u00f3n para llevarla al recinto como parlamentario juvenil\u201d.<\/p>\n<p>En cuanto a las Juntas Vecinales, Pedro Rodr\u00edguez dijo a La Nueva Radio Su\u00e1rez que \u201cesta iniciativa est\u00e1 en la Comisi\u00f3n de Interpretaci\u00f3n y Reglamento, en la etapa de nacimiento de un futuro proyecto, para la intervenci\u00f3n de las Juntas Vecinales en las decisiones y en las discusiones de las obras y los servicios que resultan necesarios en cada uno de los barrios. Este proyecto est\u00e1 en debate de la iniciativa.<\/p>\n<p>Creemos que ser\u00e1 importante que en este debate de conformaci\u00f3n del proyecto participen las Juntas Vecinales. Nos gustar\u00eda incorporar sus ideas e iniciativas en la adopci\u00f3n de los servicios a prestar y las obras a realizar en cada barrio. Nadie mejor que los propios vecinos, las propias Juntas Vecinales, que conocen las necesidades de cada uno de los barrios\u201d.<\/p>\n<p>Por eso, hay una convocatoria a las Juntas Vecinales para el pr\u00f3ximo 6 de septiembre, a las 19 horas, en el Concejo Deliberante.<\/p><\/div>\n<div><\/div>\n<div><em>Fuente: La Nueva Radio Su\u00e1rez<\/em><\/div>\n","protected":false},"excerpt":{"rendered":"<p>La propuesta para dar mayor participaci\u00f3n a la comunidad. Con la intenci\u00f3n de garantizar la plena participaci\u00f3n de la poblaci\u00f3n, que los vecinos puedan ser escuchados, el Concejal Pedro Rodr\u00edguez, del espacio Cambiemos, est\u00e1 apostando fuertemente en dos propuestas espec\u00edficas. Por un lado, en concretar la participaci\u00f3n de los j\u00f3venes a trav\u00e9s del Proyecto Joven. Y por el otro, en<\/p>\n<div class=\"h10\"><\/div>\n<p><a class=\"more-link1\" href=\"https:\/\/www.hcdcoronelsuarez.gob.ar\/index.php\/2018\/09\/01\/proyecto-joven-y-encuentro-con-las-juntas-vecinales\/\">Read more<\/a><\/p>\n","protected":false},"author":1,"featured_media":663,"comment_status":"closed","ping_status":"closed","sticky":false,"template":"","format":"standard","meta":{"footnotes":""},"categories":[1],"tags":[],"class_list":["post-662","post","type-post","status-publish","format-standard","has-post-thumbnail","hentry","category-sin-categoria"],"_links":{"self":[{"href":"https:\/\/www.hcdcoronelsuarez.gob.ar\/index.php\/wp-json\/wp\/v2\/posts\/662","targetHints":{"allow":["GET"]}}],"collection":[{"href":"https:\/\/www.hcdcoronelsuarez.gob.ar\/index.php\/wp-json\/wp\/v2\/posts"}],"about":[{"href":"https:\/\/www.hcdcoronelsuarez.gob.ar\/index.php\/wp-json\/wp\/v2\/types\/post"}],"author":[{"embeddable":true,"href":"https:\/\/www.hcdcoronelsuarez.gob.ar\/index.php\/wp-json\/wp\/v2\/users\/1"}],"replies":[{"embeddable":true,"href":"https:\/\/www.hcdcoronelsuarez.gob.ar\/index.php\/wp-json\/wp\/v2\/comments?post=662"}],"version-history":[{"count":1,"href":"https:\/\/www.hcdcoronelsuarez.gob.ar\/index.php\/wp-json\/wp\/v2\/posts\/662\/revisions"}],"predecessor-version":[{"id":664,"href":"https:\/\/www.hcdcoronelsuarez.gob.ar\/index.php\/wp-json\/wp\/v2\/posts\/662\/revisions\/664"}],"wp:featuredmedia":[{"embeddable":true,"href":"https:\/\/www.hcdcoronelsuarez.gob.ar\/index.php\/wp-json\/wp\/v2\/media\/663"}],"wp:attachment":[{"href":"https:\/\/www.hcdcoronelsuarez.gob.ar\/index.php\/wp-json\/wp\/v2\/media?parent=662"}],"wp:term":[{"taxonomy":"category","embeddable":true,"href":"https:\/\/www.hcdcoronelsuarez.gob.ar\/index.php\/wp-json\/wp\/v2\/categories?post=662"},{"taxonomy":"post_tag","embeddable":true,"href":"https:\/\/www.hcdcoronelsuarez.gob.ar\/index.php\/wp-json\/wp\/v2\/tags?post=662"}],"curies":[{"name":"wp","href":"https:\/\/api.w.org\/{rel}","templated":true}]}}