{"id":635,"date":"2018-09-08T10:21:45","date_gmt":"2018-09-08T13:21:45","guid":{"rendered":"http:\/\/www.hcdcoronelsuarez.gob.ar\/?p=635"},"modified":"2018-09-12T10:28:57","modified_gmt":"2018-09-12T13:28:57","slug":"primera-reunion-de-juntas-vecinales-con-el-concejo-deliberante","status":"publish","type":"post","link":"https:\/\/www.hcdcoronelsuarez.gob.ar\/index.php\/2018\/09\/08\/primera-reunion-de-juntas-vecinales-con-el-concejo-deliberante\/","title":{"rendered":"Primera reuni\u00f3n de Juntas Vecinales con el Concejo Deliberante"},"content":{"rendered":"<div>\n<p style=\"text-align: justify;\">Se encamina la sanci\u00f3n de una ordenanza para establecer en el \u00e1mbito del Cuerpo el Programa de Participaci\u00f3n Vecinal Barrial, con el fin de proponer, distribuir y planificar las obras m\u00e1s importantes a ejecutar. En el primer encuentro, y ante todos los bloques pol\u00edticos del Deliberativo suarense, los dirigentes barriales plantearon un serio d\u00e9ficit en el cumplimiento de servicios y obras p\u00fablicas. Se pretende establecer un mecanismo de participaci\u00f3n activa que fue apoyado por todas las Juntas Vecinales presentes.<\/p>\n<\/div>\n<div style=\"text-align: justify;\">\n<p>El jueves pasado se llev\u00f3 a cabo en el Concejo Deliberante una primera reuni\u00f3n entre las Juntas Vecinales de nuestra jurisdicci\u00f3n, por lo menos las que est\u00e1n organizadas y vigentes, y los tres bloques que componen el Concejo Deliberante a los efectos de analizar un proyecto de ordenanza que est\u00e1 sujeto a la consideraci\u00f3n del Cuerpo Legislativo suarense y que en virtud del acuerdo alcanzado en este primer encuentro podr\u00eda estar sancionado para mediados del pr\u00f3ximo mes de octubre.<\/p>\n<p>El Dr. Pedro Rodr\u00edguez, del Radicalismo en Cambiemos, fundament\u00f3 la raz\u00f3n de la ordenanza que hab\u00eda presentado su par Griselda Castelluccio y que al parecer ser\u00e1 aprobada por unanimidad de todo el Concejo Deliberante, ya que en el encuentro mencionado as\u00ed lo se\u00f1alaron los Concejales del oficialismo, incluyendo al Presidente del Concejo, y los bloques del Movimiento para la Victoria y del Frente Renovador de Fabi\u00e1n Gonz\u00e1lez.<\/p>\n<p>Se explicaron los alcances del instrumento que se pretende quede institucionalizado a nivel municipal y los dirigentes de las Juntas Vecinales presentes dieron su apoyo para lograr su sanci\u00f3n, no sin antes mostrar su disconformidad por el distanciamiento que se registra en la actualidad entre el gobierno municipal y los barrios, que se han visto postergados con un d\u00e9ficit notorio de servicios y obras p\u00fablicas.<\/p>\n<p>Los m\u00e1s expresivos en este sentido fueron los dirigentes de Villa Belgrano, encabezados por Roberto Echeverr\u00eda, y del Barrio Rosario, donde su Presidente Pedro Urban dijo que se trata sin lugar a dudas del barrio m\u00e1s antiguo de la ciudad y el m\u00e1s relegado.<\/p>\n<p>De la misma manera se expres\u00f3 una nutrida delegaci\u00f3n que concurri\u00f3 de la localidad de Huanguel\u00e9n, encabezada por su Presidente Pablo Garnica y el ex Concejal Ricardo Scheffer.<\/p>\n<p>Del encuentro participaron integrantes de las Juntas Vecinales de Barrio Altos Balcarce, Barrio Rosario, Ren\u00e9 Favaloro, Barrio Aramburu, Barrio Obrero, Villa Belgrano y Pueblo Santa Trinidad, respectivamente.<\/p>\n<p>El debate fue rico, pero a excepci\u00f3n de los vecinos del Barrio Aramburu y Barrio Obrero, que dijeron que a partir de una comunicaci\u00f3n con los Concejales de Cambiemos y a pesar de su reciente creaci\u00f3n ya han encontrado cambios positivos, el resto se mostr\u00f3 muy cr\u00edtico a la gesti\u00f3n municipal y la desatenci\u00f3n que registran los barrios.<\/p>\n<p>El Dr. Pedro Rodr\u00edguez y la Concejal Griselda Castelluccio explicaron los objetivos de la ordenanza que se\u00f1ala:<\/p>\n<p>\u201cVISTO:<\/p>\n<p>La gran importancia y trascendencia de la participaci\u00f3n de los vecinos del distrito por intermedio de las juntas vecinales. Que instituciones locales, realizan una tarea inestimable de mediaci\u00f3n entre las autoridades municipales y los vecinos de los barrios, para buscar la satisfacci\u00f3n de las necesidades diarias y el bien com\u00fan, resultando la misma enriquecedora de la planificaci\u00f3n estrat\u00e9gica municipal.<\/p>\n<p>CONSIDERANDO:<\/p>\n<p>Que la funci\u00f3n primordial de estas instituciones locales es vincularse con la gesti\u00f3n municipal a trav\u00e9s del control de los servicios p\u00fablicos, la ejecuci\u00f3n de obras p\u00fablicas, la colaboraci\u00f3n en tareas sociales o educativas, la formulaci\u00f3n de planes, la emisi\u00f3n de opiniones y con todo aquello que aliente la actividad c\u00edvica y la participaci\u00f3n comunitaria, y no se puede ignorar que actualmente esta relaci\u00f3n no existe plenamente.<\/p>\n<p>Que cada Junta Vecinal conoce las necesidades de cada uno de los barrios y puede aportar la soluci\u00f3n a los mismos, as\u00ed como su visi\u00f3n de las obras y\/o mejoras importantes a realizar;<\/p>\n<p>Que se deben generar espacios e instrumentos de participaci\u00f3n ciudadana en el marco de la construcci\u00f3n de una sociedad democr\u00e1tica, que permita cada vez m\u00e1s a vecinos, ONGS y\/u otras organizaciones sociales ser parte de la gesti\u00f3n estatal;<\/p>\n<p>Que la realidad nos indica claramente que son los vecinos quienes conocen las necesidades barriales, sus problemas y la conveniencia en la realizaci\u00f3n de determinados proyectos;<\/p>\n<p>Que es importante a la hora de tomar decisiones respecto de las obras a realizar en cada barrio o sector de la ciudad, se consideren los proyectos y\/o problem\u00e1ticas expresadas por quienes habitan en esos sectores y pertenecen a las juntas vecinales, generando de esta manera herramientas que permitan y faciliten al gobernante y a los funcionarios a adecuar los recursos a los requerimientos ciudadanos para lograr una mejor calidad de vida y un mayor control de gesti\u00f3n.<\/p>\n<p>POR TODO LO EXPUESTO, EL BLOQUE DE CONCEJALES DE CAMBIEMOS PROPONE EL SIGUIENTE\u00a0PROYECTO DE ORDENANZA<\/p>\n<p>ART\u00cdCULO 1\u00b0.- Establ\u00e9zcase en el \u00e1mbito del concejo deliberante de Coronel Su\u00e1rez el PROGRAMA DE PARTICIPACI\u00d3N VECINAL BARRIAL con el fin de proponer, distribuir y planificar las obras m\u00e1s importantes a realizar.-<\/p>\n<p>ART\u00cdCULO 2\u00b0.- Cr\u00e9ase en el \u00e1mbito de la Municipalidad, la agrupaci\u00f3n ciudadana, que ser\u00e1 la encargadas de promover los procesos de debate y emisi\u00f3n de propuestas del PROGRAMA DE PARTICIPACI\u00d3N VECINAL BARRIAL de todas las juntas vecinales y sectores, donde los integrantes (un ciudadano, que represente cada Junta y\/o barrio) podr\u00e1n hacer conocer sus ideas y proyectos destinados a mejorar la calidad de vida del barrio.<\/p>\n<p>ART\u00cdCULO 3\u00b0.- El Departamento Ejecutivo a trav\u00e9s del \u00e1rea correspondiente convocar\u00e1 a ciudadanos integrantes de las diferentes Junta Vecinales a integrar la mencionada agrupaci\u00f3n ciudadana, que deber\u00e1 realizarse en un \u00e1mbito que permita la participaci\u00f3n de sus integrantes y pueda emitir las necesidades m\u00e1s urgentes para cubrir en cada barrio.<\/p>\n<p>Los siguientes art\u00edculos podr\u00edan contener lo siguiente:<\/p>\n<p>&#8211; Podr\u00e1n participar e inscribirse en el programa los representantes de las Juntas Vecinales que acrediten domicilio real en la ciudad, presentando DNI y fotocopia de un servicio p\u00fablico actualizado.<\/p>\n<p>&#8211; S\u00f3lo podr\u00e1n participar del programa los vecinos que se hayan inscripto en el plazo establecido por el Municipio.<\/p>\n<p>&#8211; La agrupaci\u00f3n ciudadana ser\u00e1 presidida por la autoridad municipal que establezca el Poder Ejecutivo, quien adem\u00e1s dictar\u00e1 su reglamento interno.<\/p>\n<p>&#8211; Los representantes de las Juntas Vecinales podr\u00e1n presentar proyectos sobre temas inherentes a obras importantes y necesarias en cada barrio.<\/p>\n<p>&#8211; Los vecinos podr\u00e1n emitir opini\u00f3n y\/u orden de prioridades respecto del tema de la convocatoria y a los temas que hacen al efectivo cumplimiento de los servicios en el barrio y las necesidades de obras respectivas.<\/p>\n<p>&#8211; Una vez finalizada la convocatoria de la Agrupaci\u00f3n Ciudadana, la oficina o personal pertinente sobre la necesidad de las obras en cada barrio evaluar\u00e1 t\u00e9cnica y finacieramente y establecer\u00e1 orden de prioridades para propiciar la justa y equitativa distribuci\u00f3n de los recursos municipales en la realizaci\u00f3n de las obras.<\/p>\n<p>&#8211; El DE reglamentar\u00e1 la presente estando facultado para establecer el o las \u00e1reas municipales competentes para la ejecuci\u00f3n de la presente ordenanza y afectar las partidas presupuestarias correspondientes.<\/p>\n<p>Art. 4\u00ba: de forma\u201d.<\/p>\n<\/div>\n<div><\/div>\n<div><em>Fuente: La Nueva Radio Su\u00e1rez<\/em><\/div>\n","protected":false},"excerpt":{"rendered":"<p>Se encamina la sanci\u00f3n de una ordenanza para establecer en el \u00e1mbito del Cuerpo el Programa de Participaci\u00f3n Vecinal Barrial, con el fin de proponer, distribuir y planificar las obras m\u00e1s importantes a ejecutar. En el primer encuentro, y ante todos los bloques pol\u00edticos del Deliberativo suarense, los dirigentes barriales plantearon un serio d\u00e9ficit en el cumplimiento de servicios y<\/p>\n<div class=\"h10\"><\/div>\n<p><a class=\"more-link1\" href=\"https:\/\/www.hcdcoronelsuarez.gob.ar\/index.php\/2018\/09\/08\/primera-reunion-de-juntas-vecinales-con-el-concejo-deliberante\/\">Read more<\/a><\/p>\n","protected":false},"author":1,"featured_media":637,"comment_status":"closed","ping_status":"closed","sticky":false,"template":"","format":"gallery","meta":{"footnotes":""},"categories":[1],"tags":[],"class_list":["post-635","post","type-post","status-publish","format-gallery","has-post-thumbnail","hentry","category-sin-categoria","post_format-post-format-gallery"],"_links":{"self":[{"href":"https:\/\/www.hcdcoronelsuarez.gob.ar\/index.php\/wp-json\/wp\/v2\/posts\/635","targetHints":{"allow":["GET"]}}],"collection":[{"href":"https:\/\/www.hcdcoronelsuarez.gob.ar\/index.php\/wp-json\/wp\/v2\/posts"}],"about":[{"href":"https:\/\/www.hcdcoronelsuarez.gob.ar\/index.php\/wp-json\/wp\/v2\/types\/post"}],"author":[{"embeddable":true,"href":"https:\/\/www.hcdcoronelsuarez.gob.ar\/index.php\/wp-json\/wp\/v2\/users\/1"}],"replies":[{"embeddable":true,"href":"https:\/\/www.hcdcoronelsuarez.gob.ar\/index.php\/wp-json\/wp\/v2\/comments?post=635"}],"version-history":[{"count":2,"href":"https:\/\/www.hcdcoronelsuarez.gob.ar\/index.php\/wp-json\/wp\/v2\/posts\/635\/revisions"}],"predecessor-version":[{"id":661,"href":"https:\/\/www.hcdcoronelsuarez.gob.ar\/index.php\/wp-json\/wp\/v2\/posts\/635\/revisions\/661"}],"wp:featuredmedia":[{"embeddable":true,"href":"https:\/\/www.hcdcoronelsuarez.gob.ar\/index.php\/wp-json\/wp\/v2\/media\/637"}],"wp:attachment":[{"href":"https:\/\/www.hcdcoronelsuarez.gob.ar\/index.php\/wp-json\/wp\/v2\/media?parent=635"}],"wp:term":[{"taxonomy":"category","embeddable":true,"href":"https:\/\/www.hcdcoronelsuarez.gob.ar\/index.php\/wp-json\/wp\/v2\/categories?post=635"},{"taxonomy":"post_tag","embeddable":true,"href":"https:\/\/www.hcdcoronelsuarez.gob.ar\/index.php\/wp-json\/wp\/v2\/tags?post=635"}],"curies":[{"name":"wp","href":"https:\/\/api.w.org\/{rel}","templated":true}]}}