{"id":365,"date":"2018-03-23T13:06:07","date_gmt":"2018-03-23T16:06:07","guid":{"rendered":"http:\/\/www.hcdcoronelsuarez.gob.ar\/?p=365"},"modified":"2018-09-12T09:40:33","modified_gmt":"2018-09-12T12:40:33","slug":"los-concejales-del-movimiento-para-la-victoria-con-la-gobernadora-vidal","status":"publish","type":"post","link":"https:\/\/www.hcdcoronelsuarez.gob.ar\/index.php\/2018\/03\/23\/los-concejales-del-movimiento-para-la-victoria-con-la-gobernadora-vidal\/","title":{"rendered":"Los Concejales del Movimiento para la Victoria con la Gobernadora Vidal."},"content":{"rendered":"<div class=\"adelanto\">\n<p style=\"text-align: justify;\">Entregaron adem\u00e1s al Ministro de Gobierno Joaqu\u00edn De La Torre una serie de carpetas conteniendo problem\u00e1ticas de Coronel Su\u00e1rez a resolver. F\u00e1brica Dass, emergencia por sequ\u00eda, problem\u00e1ticas con la obra social IOMA y la preocupaci\u00f3n de los trabajadores del Banco Provincia.<\/p>\n<\/div>\n<div class=\"text\" style=\"text-align: justify;\">\n<p>En coincidencia con la visita que la Gobernadora Maria Eugenia Vidal llev\u00f3 a cabo en la ma\u00f1ana del jueves a la ciudad de Coronel Su\u00e1rez, los Concejales del Movimiento para la Victoria presentaron a la mandataria y al Ministro de Gobierno Joaqu\u00edn De La Torre una serie de inquietudes solicitando la intervenci\u00f3n del gobierno de la Provincia de Buenos Aires.<\/p>\n<p>Trasladaron a las autoridades bonaerenses la preocupaci\u00f3n de los empleados del Banco Provincia ante la sanci\u00f3n de la Ley 15.008, que cercena conquistas sociales hist\u00f3ricas de la instituci\u00f3n crediticia bonaerense, afectando seriamente la caja de jubilaciones y otras cuestiones.<\/p>\n<p>El Movimiento para la Victoria plante\u00f3 la realidad que hoy viven los ex empleados de la f\u00e1brica Dass, que fueron despedidos o recibieron el retiro voluntario, y la preocupaci\u00f3n sobre la situaci\u00f3n que presenta el sector textil, con la apertura indiscriminada de las importaciones, raz\u00f3n por la cual fundamentaron esta dif\u00edcil problem\u00e1tica a trav\u00e9s de un informe pormenorizado de los \u00faltimos acontecimientos que son de dominio p\u00fablico.<\/p>\n<p>Reiteraron la necesidad urgente de acudir en auxilio del sector agropecuario con el dictado de la reglamentaci\u00f3n respectiva, declarando la emergencia por sequ\u00eda en toda nuestra jurisdicci\u00f3n, que se encuentra severamente afectada por este fen\u00f3meno meteorol\u00f3gico y con graves perjuicios en la actividad productiva de nuestra regi\u00f3n.<\/p>\n<p>De la misma manera, y por otro informe, se presentaron una serie de inconvenientes recurrentes que se registran en la obra social IOMA.<\/p>\n<p>En todos los casos se ha pedido a la Gobernadora y al Ministro Joaqu\u00edn De La Torre su intervenci\u00f3n frente a temas muy puntuales que afectan de manera considerable a distintos sectores del Distrito de Coronel Su\u00e1rez.<\/p>\n<p>El Ministro De La Torre se comprometi\u00f3 a estudiar cada uno de los temas y darle un tratamiento prioritario, conforme lo requerido por los Concejales Ricardo Moccero, Oscar Durand, Fabiana Maldonado, Fabi\u00e1n Maier y Gast\u00f3n Duarte.<\/p>\n<p><em>Fuente: La Nueva Radio Su\u00e1rez<\/em><\/p>\n<\/div>\n","protected":false},"excerpt":{"rendered":"<p>Entregaron adem\u00e1s al Ministro de Gobierno Joaqu\u00edn De La Torre una serie de carpetas conteniendo problem\u00e1ticas de Coronel Su\u00e1rez a resolver. F\u00e1brica Dass, emergencia por sequ\u00eda, problem\u00e1ticas con la obra social IOMA y la preocupaci\u00f3n de los trabajadores del Banco Provincia. En coincidencia con la visita que la Gobernadora Maria Eugenia Vidal llev\u00f3 a cabo en la ma\u00f1ana del jueves<\/p>\n<div class=\"h10\"><\/div>\n<p><a class=\"more-link1\" href=\"https:\/\/www.hcdcoronelsuarez.gob.ar\/index.php\/2018\/03\/23\/los-concejales-del-movimiento-para-la-victoria-con-la-gobernadora-vidal\/\">Read more<\/a><\/p>\n","protected":false},"author":1,"featured_media":366,"comment_status":"closed","ping_status":"closed","sticky":false,"template":"","format":"standard","meta":{"footnotes":""},"categories":[5,1],"tags":[],"class_list":["post-365","post","type-post","status-publish","format-standard","has-post-thumbnail","hentry","category-frente-de-todos","category-sin-categoria"],"_links":{"self":[{"href":"https:\/\/www.hcdcoronelsuarez.gob.ar\/index.php\/wp-json\/wp\/v2\/posts\/365","targetHints":{"allow":["GET"]}}],"collection":[{"href":"https:\/\/www.hcdcoronelsuarez.gob.ar\/index.php\/wp-json\/wp\/v2\/posts"}],"about":[{"href":"https:\/\/www.hcdcoronelsuarez.gob.ar\/index.php\/wp-json\/wp\/v2\/types\/post"}],"author":[{"embeddable":true,"href":"https:\/\/www.hcdcoronelsuarez.gob.ar\/index.php\/wp-json\/wp\/v2\/users\/1"}],"replies":[{"embeddable":true,"href":"https:\/\/www.hcdcoronelsuarez.gob.ar\/index.php\/wp-json\/wp\/v2\/comments?post=365"}],"version-history":[{"count":3,"href":"https:\/\/www.hcdcoronelsuarez.gob.ar\/index.php\/wp-json\/wp\/v2\/posts\/365\/revisions"}],"predecessor-version":[{"id":623,"href":"https:\/\/www.hcdcoronelsuarez.gob.ar\/index.php\/wp-json\/wp\/v2\/posts\/365\/revisions\/623"}],"wp:featuredmedia":[{"embeddable":true,"href":"https:\/\/www.hcdcoronelsuarez.gob.ar\/index.php\/wp-json\/wp\/v2\/media\/366"}],"wp:attachment":[{"href":"https:\/\/www.hcdcoronelsuarez.gob.ar\/index.php\/wp-json\/wp\/v2\/media?parent=365"}],"wp:term":[{"taxonomy":"category","embeddable":true,"href":"https:\/\/www.hcdcoronelsuarez.gob.ar\/index.php\/wp-json\/wp\/v2\/categories?post=365"},{"taxonomy":"post_tag","embeddable":true,"href":"https:\/\/www.hcdcoronelsuarez.gob.ar\/index.php\/wp-json\/wp\/v2\/tags?post=365"}],"curies":[{"name":"wp","href":"https:\/\/api.w.org\/{rel}","templated":true}]}}