{"id":301,"date":"2018-03-21T08:31:10","date_gmt":"2018-03-21T11:31:10","guid":{"rendered":"http:\/\/www.hcdcoronelsuarez.gob.ar\/?p=301"},"modified":"2018-09-12T09:42:41","modified_gmt":"2018-09-12T12:42:41","slug":"el-movimiento-para-la-victoria-impulsa-una-revision-de-la-tasa-por-servicios-sanitarios","status":"publish","type":"post","link":"https:\/\/www.hcdcoronelsuarez.gob.ar\/index.php\/2018\/03\/21\/el-movimiento-para-la-victoria-impulsa-una-revision-de-la-tasa-por-servicios-sanitarios\/","title":{"rendered":"El Movimiento para la Victoria impulsa una revisi\u00f3n de la Tasa por Servicios Sanitarios."},"content":{"rendered":"<div class=\"adelanto\">\n<p style=\"text-align: justify;\">Los Concejales del Movimiento para la Victoria apelar\u00e1n a que el Ejecutivo revea el aumento del 160% en el servicio de agua corriente y el consecuente aumento desproporcionado del servicio de cloacas.<\/p>\n<\/div>\n<div class=\"text\" style=\"text-align: justify;\">\n<p>Tras intensos reclamos efectuados por los vecinos de Coronel Su\u00e1rez a trav\u00e9s de las redes sociales y en el propio bloque del Movimiento para la Victoria, los Concejales del MPV presentaron una Minuta de Comunicaci\u00f3n en el Concejo Deliberante donde solicitar\u00e1n \u201cla suspensi\u00f3n de la aplicaci\u00f3n de los aumentos dispuestos en la ordenanza Impositiva en cuanto a la Tasa por Servicios Sanitarios (Agua Corriente y Red Cloacal) dispuestos en los art\u00edculos 42, 43 y 43 del Cap\u00edtulo XIX de dicha ordenanza con sustento Fiscal bajo ordenanza N\u00ba 6783\/18 en Cap\u00edtulo XIX, art\u00edculos del 151 al 159, inclusive\u201d.<\/p>\n<p>En el mismo sentido solicitar\u00e1n, adem\u00e1s, la revisi\u00f3n de los aumentos de los Servicios Sanitarios dispuestos para el presente Ejercicio Administrativo por considerarlos excesivos y desmedidos, los que representan adem\u00e1s un incumplimiento de lo informado por los funcionarios del Gobierno Municipal al Honorable Concejo Deliberante y que consta en forma escrita en el Presupuesto de Gastos y C\u00e1lculos de Recursos vigente.<\/p>\n<p>Al respecto, los representantes del Movimiento para la Victoria expresaron que en sus considerandos el instrumento legislativo hace referencia a los perjuicios econ\u00f3micos-financieros para los vecinos frentistas contribuyentes del servicio de agua corriente y cloacas, aseverando firmemente que \u201cen la pr\u00e1ctica el valor del metro c\u00fabico de agua corriente pas\u00f3 de $2,50 a $6,70, cuando en reuni\u00f3n del Concejo en Comisi\u00f3n con los funcionarios de Hacienda Municipal se afirm\u00f3 que en todos los casos los grav\u00e1menes aplicables por todo concepto (Base Imponible, Coeficientes y\/o Al\u00edcuotas) no superar\u00edan el 30% de la facturaci\u00f3n respecto a iguales consumos del a\u00f1o anterior\u201d.<\/p>\n<p>\u201cLos dichos de los Funcionarios Municipales tienen sustento escrito en la p\u00e1gina 1 (Uno) de la secci\u00f3n \u2018Pol\u00edtica Presupuestaria de la Jurisdicci\u00f3n o Entidad\u2019 del Presupuesto de Gastos y C\u00e1lculos de Recursos Municipal 2018, aprobado por mayor\u00eda de votos por esta Sala en el que se se\u00f1ala expresamente: \u2018El Presupuesto contempla para la Tasa por Alumbrado, Limpieza y Conservaci\u00f3n de la V\u00eda Publica una correcci\u00f3n en los coeficientes de base y un incremento del 16%, lo que se traduce en un aumento promedio sobre la emisi\u00f3n de dicha tasa del 30%, porcentaje de aumento que se ha trasladado para el resto de las tasas urbanas y los derechos que cobra esta Municipalidad\u2019\u201d.<\/p>\n<p>\u201cQue a la fecha los frentistas denuncian p\u00fablicamente aumentos en el metro c\u00fabico del servicio de agua corriente que superan el 160%, lo que supera en m\u00e1s de cinco veces el valor informado por el Departamento Ejecutivo en forma oral y escrita\u201d.<\/p>\n<p>Que un vecino frentista perjudicado por tal desmedido aumento present\u00f3 p\u00fablicamente el siguiente cuadro comparativo con ejemplos v\u00e1lidos del servicio:<\/p>\n<p><u>Servicios Sanitarios 2018<\/u><\/p>\n<table border=\"1\">\n<tbody>\n<tr>\n<td width=\"77\"><\/td>\n<td width=\"114\">&nbsp;<\/p>\n<p>Cuotas<\/td>\n<td width=\"133\">&nbsp;<\/p>\n<p>Agua<\/td>\n<td width=\"133\">&nbsp;<\/p>\n<p>Cloaca<\/td>\n<td width=\"82\">Agua<\/p>\n<p>+<\/p>\n<p>cloaca<\/td>\n<td width=\"41\">&nbsp;<\/p>\n<p>M<sup>3<\/sup><\/td>\n<\/tr>\n<tr>\n<td width=\"77\">Ejemplo 1<\/td>\n<td width=\"114\">Cuota 01\/18<\/p>\n<p>&nbsp;<\/p>\n<p>Cuota03\/04\/18<\/td>\n<td width=\"133\">$ 51.50<\/p>\n<p>&nbsp;<\/p>\n<p>$166.2 (<strong>222.71%)<\/strong><\/td>\n<td width=\"133\">$ 43.53<\/p>\n<p>&nbsp;<\/p>\n<p>$83.10 (<strong>90.90%)<\/strong><\/td>\n<td width=\"82\">&nbsp;<\/p>\n<p><strong>313.61 %<\/strong><\/p>\n<p>&nbsp;<\/td>\n<td width=\"41\">6<\/p>\n<p>&nbsp;<\/p>\n<p>5<\/td>\n<\/tr>\n<tr>\n<td width=\"77\">Ejemplo 2<\/td>\n<td width=\"114\">Cuota 01\/18<\/p>\n<p>&nbsp;<\/p>\n<p>Cuota03\/04\/18<\/td>\n<td width=\"133\">$143.17<\/p>\n<p>&nbsp;<\/p>\n<p>$260.38(<strong>81.86%)<\/strong><\/td>\n<td width=\"133\">$ 43.53<\/p>\n<p>&nbsp;<\/p>\n<p>$130.2(<strong>199.10%)<\/strong><\/td>\n<td width=\"82\">&nbsp;<\/p>\n<p><strong>280.96 %<\/strong><\/td>\n<td width=\"41\">60<\/p>\n<p>&nbsp;<\/p>\n<p>45<\/td>\n<\/tr>\n<tr>\n<td width=\"77\">Ejemplo 3<\/td>\n<td width=\"114\">Cuota 01\/18<\/p>\n<p>&nbsp;<\/p>\n<p>Cuota03\/04\/18<\/td>\n<td width=\"133\">$ 289.64<\/p>\n<p>&nbsp;<\/p>\n<p>$734.06(<strong>153.43%)<\/strong><\/td>\n<td width=\"133\">$ 43.53<\/p>\n<p>&nbsp;<\/p>\n<p>$367.04(<strong>743.18%)<\/strong><\/td>\n<td width=\"82\">&nbsp;<\/p>\n<p><strong>896.61 %<\/strong><\/p>\n<p>&nbsp;<\/td>\n<td width=\"41\">101<\/p>\n<p>&nbsp;<\/p>\n<p>101<\/td>\n<\/tr>\n<\/tbody>\n<\/table>\n<p><em>Fuente: La Nueva Radio Su\u00e1rez<\/em><\/p>\n<\/div>\n","protected":false},"excerpt":{"rendered":"<p>Los Concejales del Movimiento para la Victoria apelar\u00e1n a que el Ejecutivo revea el aumento del 160% en el servicio de agua corriente y el consecuente aumento desproporcionado del servicio de cloacas. Tras intensos reclamos efectuados por los vecinos de Coronel Su\u00e1rez a trav\u00e9s de las redes sociales y en el propio bloque del Movimiento para la Victoria, los Concejales<\/p>\n<div class=\"h10\"><\/div>\n<p><a class=\"more-link1\" href=\"https:\/\/www.hcdcoronelsuarez.gob.ar\/index.php\/2018\/03\/21\/el-movimiento-para-la-victoria-impulsa-una-revision-de-la-tasa-por-servicios-sanitarios\/\">Read more<\/a><\/p>\n","protected":false},"author":1,"featured_media":302,"comment_status":"closed","ping_status":"closed","sticky":false,"template":"","format":"standard","meta":{"footnotes":""},"categories":[5],"tags":[],"class_list":["post-301","post","type-post","status-publish","format-standard","has-post-thumbnail","hentry","category-frente-de-todos"],"_links":{"self":[{"href":"https:\/\/www.hcdcoronelsuarez.gob.ar\/index.php\/wp-json\/wp\/v2\/posts\/301","targetHints":{"allow":["GET"]}}],"collection":[{"href":"https:\/\/www.hcdcoronelsuarez.gob.ar\/index.php\/wp-json\/wp\/v2\/posts"}],"about":[{"href":"https:\/\/www.hcdcoronelsuarez.gob.ar\/index.php\/wp-json\/wp\/v2\/types\/post"}],"author":[{"embeddable":true,"href":"https:\/\/www.hcdcoronelsuarez.gob.ar\/index.php\/wp-json\/wp\/v2\/users\/1"}],"replies":[{"embeddable":true,"href":"https:\/\/www.hcdcoronelsuarez.gob.ar\/index.php\/wp-json\/wp\/v2\/comments?post=301"}],"version-history":[{"count":3,"href":"https:\/\/www.hcdcoronelsuarez.gob.ar\/index.php\/wp-json\/wp\/v2\/posts\/301\/revisions"}],"predecessor-version":[{"id":628,"href":"https:\/\/www.hcdcoronelsuarez.gob.ar\/index.php\/wp-json\/wp\/v2\/posts\/301\/revisions\/628"}],"wp:featuredmedia":[{"embeddable":true,"href":"https:\/\/www.hcdcoronelsuarez.gob.ar\/index.php\/wp-json\/wp\/v2\/media\/302"}],"wp:attachment":[{"href":"https:\/\/www.hcdcoronelsuarez.gob.ar\/index.php\/wp-json\/wp\/v2\/media?parent=301"}],"wp:term":[{"taxonomy":"category","embeddable":true,"href":"https:\/\/www.hcdcoronelsuarez.gob.ar\/index.php\/wp-json\/wp\/v2\/categories?post=301"},{"taxonomy":"post_tag","embeddable":true,"href":"https:\/\/www.hcdcoronelsuarez.gob.ar\/index.php\/wp-json\/wp\/v2\/tags?post=301"}],"curies":[{"name":"wp","href":"https:\/\/api.w.org\/{rel}","templated":true}]}}