{"id":1323,"date":"2023-12-11T09:05:44","date_gmt":"2023-12-11T12:05:44","guid":{"rendered":"https:\/\/www.hcdcoronelsuarez.gob.ar\/?p=1323"},"modified":"2023-12-22T12:13:50","modified_gmt":"2023-12-22T15:13:50","slug":"ricardo-moccero-renovo-su-compromiso-con-sus-vecinos-hoy-mas-que-nunca-confio-en-que-todas-las-fuerzas-politicas-junto-a-la-poblacion-que-nos-dio-su-apoyo-trabajaremos-en-el-bienestar-y-pro","status":"publish","type":"post","link":"https:\/\/www.hcdcoronelsuarez.gob.ar\/index.php\/2023\/12\/11\/ricardo-moccero-renovo-su-compromiso-con-sus-vecinos-hoy-mas-que-nunca-confio-en-que-todas-las-fuerzas-politicas-junto-a-la-poblacion-que-nos-dio-su-apoyo-trabajaremos-en-el-bienestar-y-pro\/","title":{"rendered":"RICARDO MOCCERO RENOV\u00d3 SU COMPROMISO CON SUS VECINOS: \u201cHOY M\u00c1S QUE NUNCA CONF\u00cdO EN QUE TODAS LAS FUERZAS POL\u00cdTICAS JUNTO A LA POBLACI\u00d3N QUE NOS DIO SU APOYO, TRABAJAREMOS EN EL BIENESTAR Y PROGRESO DE CORONEL SU\u00c1REZ\u201d"},"content":{"rendered":"<p>Afirm\u00f3 Ricardo Moccero tras jurar como Intendente del distrito por una nueva gesti\u00f3n. Subray\u00f3 que \u201cfinaliz\u00f3 la campa\u00f1a pol\u00edtica, ahora todos tenemos que unirnos para estar cerca de la poblaci\u00f3n\u201d<\/p>\n<p>El Intendente Municipal Ricardo Alejo Moccero prest\u00f3 juramento este 10 de diciembre, a 40 a\u00f1os del restablecimiento de la Democracia en Argentina, en lo que fue una Sesi\u00f3n Especial del Honorable Concejo Deliberante que tuvo lugar el domingo por la noche ante una sala del Concejo colmada de p\u00fablico y el acompa\u00f1amiento de la Banda Municipal de M\u00fasica \u201cBartolom\u00e9 Meier\u201d que interpret\u00f3 el Himno Nacional Argentino luego de que el Intendente prestara juramento de Ley ante la presidenta del Concejo Deliberante, Andrea Acosta.<br \/>\n\u201c<em>Hoy m\u00e1s que nunca confio en que toda la poblaci\u00f3n, todas las fuerzas pol\u00edticas vamos a trabajar de la mano para volver a levantar Coronel Su\u00e1rez y llevarlo a ese lugar de privilegio que fue el de ser el Faro de la Regi\u00f3n que nunca debi\u00f3 haber perdido\u201d<\/em><br \/>\n\u201c<em>Agradecerles a los empleados municipales que colaboran d\u00eda a d\u00eda para que Coronel Su\u00e1rez sea uno de los mejores distritos de la regi\u00f3n\u201d<\/em>, afirm\u00f3.<br \/>\n\u201c<em>Ser\u00e1 un a\u00f1o complicado, pero tenemos la fuerza de un pueblo que siempre se solidariz\u00f3 y que puso lo mejor de s\u00ed para que Coronel Su\u00e1rez siga creciendo\u201d<\/em>, afirm\u00f3 ante el aplauso de los vecinos que acompa\u00f1aron en el recinto del Concejo Deliberante.<br \/>\nTras su discurso, tom\u00f3 juramento a los secretarios que lo acompa\u00f1ar\u00e1n en su pr\u00f3ximo mandato.<\/p>\n","protected":false},"excerpt":{"rendered":"<p>Afirm\u00f3 Ricardo Moccero tras jurar como Intendente del distrito por una nueva gesti\u00f3n. Subray\u00f3 que \u201cfinaliz\u00f3 la campa\u00f1a pol\u00edtica, ahora todos tenemos que unirnos para estar cerca de la poblaci\u00f3n\u201d El Intendente Municipal Ricardo Alejo Moccero prest\u00f3 juramento este 10 de diciembre, a 40 a\u00f1os del restablecimiento de la Democracia en Argentina, en lo que fue una Sesi\u00f3n Especial del<\/p>\n<div class=\"h10\"><\/div>\n<p><a class=\"more-link1\" href=\"https:\/\/www.hcdcoronelsuarez.gob.ar\/index.php\/2023\/12\/11\/ricardo-moccero-renovo-su-compromiso-con-sus-vecinos-hoy-mas-que-nunca-confio-en-que-todas-las-fuerzas-politicas-junto-a-la-poblacion-que-nos-dio-su-apoyo-trabajaremos-en-el-bienestar-y-pro\/\">Read more<\/a><\/p>\n","protected":false},"author":1,"featured_media":1333,"comment_status":"closed","ping_status":"closed","sticky":false,"template":"","format":"gallery","meta":{"footnotes":""},"categories":[1],"tags":[],"class_list":["post-1323","post","type-post","status-publish","format-gallery","has-post-thumbnail","hentry","category-sin-categoria","post_format-post-format-gallery"],"_links":{"self":[{"href":"https:\/\/www.hcdcoronelsuarez.gob.ar\/index.php\/wp-json\/wp\/v2\/posts\/1323","targetHints":{"allow":["GET"]}}],"collection":[{"href":"https:\/\/www.hcdcoronelsuarez.gob.ar\/index.php\/wp-json\/wp\/v2\/posts"}],"about":[{"href":"https:\/\/www.hcdcoronelsuarez.gob.ar\/index.php\/wp-json\/wp\/v2\/types\/post"}],"author":[{"embeddable":true,"href":"https:\/\/www.hcdcoronelsuarez.gob.ar\/index.php\/wp-json\/wp\/v2\/users\/1"}],"replies":[{"embeddable":true,"href":"https:\/\/www.hcdcoronelsuarez.gob.ar\/index.php\/wp-json\/wp\/v2\/comments?post=1323"}],"version-history":[{"count":2,"href":"https:\/\/www.hcdcoronelsuarez.gob.ar\/index.php\/wp-json\/wp\/v2\/posts\/1323\/revisions"}],"predecessor-version":[{"id":1339,"href":"https:\/\/www.hcdcoronelsuarez.gob.ar\/index.php\/wp-json\/wp\/v2\/posts\/1323\/revisions\/1339"}],"wp:featuredmedia":[{"embeddable":true,"href":"https:\/\/www.hcdcoronelsuarez.gob.ar\/index.php\/wp-json\/wp\/v2\/media\/1333"}],"wp:attachment":[{"href":"https:\/\/www.hcdcoronelsuarez.gob.ar\/index.php\/wp-json\/wp\/v2\/media?parent=1323"}],"wp:term":[{"taxonomy":"category","embeddable":true,"href":"https:\/\/www.hcdcoronelsuarez.gob.ar\/index.php\/wp-json\/wp\/v2\/categories?post=1323"},{"taxonomy":"post_tag","embeddable":true,"href":"https:\/\/www.hcdcoronelsuarez.gob.ar\/index.php\/wp-json\/wp\/v2\/tags?post=1323"}],"curies":[{"name":"wp","href":"https:\/\/api.w.org\/{rel}","templated":true}]}}