{"id":1207,"date":"2022-03-04T07:07:30","date_gmt":"2022-03-04T10:07:30","guid":{"rendered":"http:\/\/www.hcdcoronelsuarez.gob.ar\/?p=1207"},"modified":"2023-03-30T09:05:34","modified_gmt":"2023-03-30T12:05:34","slug":"el-intendente-municipal-ricardo-moccero-dejo-inaugurado-el-periodo-de-sesiones-ordinarias-2022-del-concejo-deliberante","status":"publish","type":"post","link":"https:\/\/www.hcdcoronelsuarez.gob.ar\/index.php\/2022\/03\/04\/el-intendente-municipal-ricardo-moccero-dejo-inaugurado-el-periodo-de-sesiones-ordinarias-2022-del-concejo-deliberante\/","title":{"rendered":"El Intendente Municipal Ricardo Moccero dej\u00f3 inaugurado el per\u00edodo de sesiones ordinarias 2022 del Concejo Deliberante"},"content":{"rendered":"<p>El Jefe Comunal realiz\u00f3 un repaso de los ejes de gesti\u00f3n de cada una de las \u00e1reas municipales durante los \u00faltimos dos a\u00f1os, al tiempo que se refiri\u00f3 al estado de las cuentas municipales, lo proyectado y planificado para el presente a\u00f1o, remarcando que \u201cestamos superando los 4.210 millones en obras, \u201c<em>cifras in\u00e9ditas para para nuestro distrito\u201d, obras e inversi\u00f3n que garantizan derechos b\u00e1sicos y una calidad de vida digna<\/em>\u201d, al tiempo que agradeci\u00f3 el acompa\u00f1amiento de la poblaci\u00f3n en el proceso de vacunaci\u00f3n que garantiza la \u201cnormalidad y presencialidad\u201d.<\/p>\n<p>En este sentido expres\u00f3 \u201c<em>que si bien a la fecha no se logr\u00f3 saldar la deuda heredada de la anterior administraci\u00f3n; nos propusimos bajarla del 12 % al 6 % en el 2020, al 5% en 2021, y pensamos llevarla al 3 % este a\u00f1o, a pesar de los excesos de gastos por pandemia, hicimos una buena administraci\u00f3n, acciones que se lograron con experiencia, dedicaci\u00f3n y decisiones pol\u00edticas acertadas, en el 2020 y 2021 junto al trabajo del concejo deliberante que colabor\u00f3 mucho<\/em>\u201d, subray\u00f3 Moccero.<br \/>\nEn cuanto a obras, asegur\u00f3 que en las pr\u00f3ximas semanas quedar\u00e1 inaugurada la obra de la Secundaria 5 de Santa Trinidad, como as\u00ed destac\u00f3 el avance del jard\u00edn del barrio Rosario y adelant\u00f3 la adjudicaci\u00f3n de la obra de finalizaci\u00f3n de la nueva terminal. Pavimento, cord\u00f3n cuneta, una inversi\u00f3n superior a los 50 millones en obra de cloacas para todo el distrito, gas y agua corriente fueron parte de la enumeraci\u00f3n del Intendente Moccero.<br \/>\nAl hablar de los gastos que insumi\u00f3 afrontar la pandemia Covid-19, Ricardo Moccero destac\u00f3 el aporte de 40 millones de pesos realizado por la Comisi\u00f3n Vial del Fondo de Infraestructura Vial, ratificando su \u201ccompromiso\u201d de que, a partir del 1 de enero \u00faltimo, el ente Vial volvi\u00f3 a tener el 70% de lo recaudado por concepto de Tasa Vial para su financiamiento y sostenimiento, lo que posibilitar\u00e1 volver a equiparse con maquinarias.<br \/>\nLa pavimentaci\u00f3n hist\u00f3rica de la Ruta 60, obra ya adjudicada, fue otro de los puntos fuertes del discurso, como as\u00ed tambi\u00e9n el avance de la obra de repavimentaci\u00f3n de la Ruta 85 entre las rotondas de las rutas 60 y la nacional 33, dos obras ampliamente reclamadas por los usuarios durante a\u00f1os.<br \/>\nEntre otras obras remarc\u00f3 la finalizaci\u00f3n \u2013en dos etapas- de la obra de construcci\u00f3n del edificio de CREUS y la pr\u00f3xima adquisici\u00f3n de 600 lotes para la construcci\u00f3n de viviendas.<br \/>\nCerrando su discurso afirm\u00f3 \u201ctodos queremos mejorar la calidad de vida de la poblaci\u00f3n, cubrir la falta de trabajo a trav\u00e9s de la generaci\u00f3n de empleo; garantizar las viviendas, hacer pavimento, agua, gas, cloacas, iluminaci\u00f3n, mejor educaci\u00f3n, m\u00e1s seguridad\u201d, afirm\u00f3 por lo que convoc\u00f3 a los concejales de los diversos bloques pol\u00edticos a sumarse al progreso del distrito de Coronel Su\u00e1rez.<br \/>\n\u201c<em>En los dos a\u00f1os transcurridos y con una pandemia encima llevamos proyectados m\u00e1s de 510 millones en viviendas, m\u00e1s de 800 millones en cloacas, agua, gas, iluminaci\u00f3n led, infraestructura escolar, pavimento, ciclov\u00edas, semi peatonal, o sea, que nuestro proyectado y en ejecuci\u00f3n ronda los 1.310 millones, y si sumamos las obras de Naci\u00f3n y Provincia en rutas, estamos superando los 4.210 millones en obras, \u201ccifras in\u00e9ditas para para nuestro distrito<\/em>\u201d, obras e inversi\u00f3n para garantizar derechos b\u00e1sicos y tener una calidad de vida digna\u201d, expres\u00f3 Ricardo Moccero que cerr\u00f3 agradeciendo al Presidente de la Naci\u00f3n Alberto Fern\u00e1ndez y al Gobernador Axel Kicillof por el apoyo incondicional a la gesti\u00f3n de gobierno, haciendo especial hincapi\u00e9 en el \u201capoyo de la poblaci\u00f3n\u201d que soport\u00f3 la \u201cpandemia\u201d que afect\u00f3 lo social, laboral y emocional de todos los habitantes del distrito.<br \/>\n\u201c<em>Quiero terminar agradeciendo a la poblaci\u00f3n por haber acompa\u00f1ado el proceso de vacunaci\u00f3n porque gracias a eso hoy se vuelve a la normalidad y tambi\u00e9n a la presencialidad<\/em>\u201d.<\/p>\n<p>A continuaci\u00f3n, adjuntamos el discurso completo:<\/p>\n<p><strong>Mensaje inicio sesiones 2022<\/strong><br \/>\nEn primer lugar, quiero agradecer al cuerpo deliberativo por permitirme este espacio, al departamento ejecutivo por colaborar con el balance de gesti\u00f3n, a la planta municipal por el trabajo diario y al p\u00fablico presente por participar de un d\u00eda m\u00e1s de la democracia.<br \/>\nComo todos los a\u00f1os exponemos un resumen de lo hecho, lo que est\u00e1 en ejecuci\u00f3n y lo proyectado para el a\u00f1o que se est\u00e1 transcurriendo .<br \/>\nQuiero comenzar contando brevemente lo sucedido con la pandemia y los costos que tuvimos, en salud, en el a\u00f1o 2019, se gastaron 73.548,900, en el a\u00f1o 2020 con pandemia gastamos$ 130.420.238, a\u00f1o 2021 la cifra ascendi\u00f3 a $ 273.000.000, la pandemia nos llev\u00f3 a gastar 200 millones m\u00e1s que en el 2019, de los cuales fuimos asistidos en 40 millones de la tasa vial. El resto fue cubierto con austeridad de todas las \u00e1reas, m\u00e1s algunos servicios que se resintieron, para priorizar y destinar los esfuerzos en salud. Esto nos llev\u00f3 a tener que dejar temporalmente m\u00e1quinas sin reparar, no se pudo adquirir maquinaria nueva, se congelaron las vacantes de personal, entre otras cuestiones que tuvieron que re adecuarse.<br \/>\nEl presupuesto en el gobierno anterior fue de $1200 millones y tuvo en exceso de 114 millones m\u00e1s una deuda flotante de 248 millones, deuda que hasta el d\u00eda de hoy no la pudimos cancelar, y esa es la ra\u00edz de los problemas financieros del municipio al d\u00eda de hoy. No buscamos echar culpas ,tampoco justificar errores del pasado, pero s\u00ed tener memoria de lo sucedido, porque el 20 de marzo del 2020 comienza la pandemia y perdimos muchos millones por cobrar en tasas y coparticipaci\u00f3n, sin dejar de mencionar que la gesti\u00f3n pasada perdi\u00f3 en 4 a\u00f1os 12 ptos del CUD, hoy hubiesen significado 200 millones m\u00e1s en el presupuesto, por eso nos propusimos bajar la deuda del 12 % al 6 % en el 2020, al 5% en 2021, y pensamos llevarla al 3 % este a\u00f1o, a pesar de los excesos de gastos por pandemia, hicimos una buena administraci\u00f3n, achicamos deuda, eso se logra con experiencia, dedicaci\u00f3n y decisiones pol\u00edticas acertadas, en el 2020 y 2021 el concejo deliberante colabor\u00f3 mucho para que esto<br \/>\nsucediera y les agradezco, esperamos que esta situaci\u00f3n se repita con los nuevos concejales.<br \/>\nA continuaci\u00f3n pasar\u00e9 a detallar el trabajo de diversas \u00e1reas<br \/>\n<strong>SALUD<\/strong><br \/>\nHicimos una inversi\u00f3n de m\u00e1s de 30 millones en agrandar el edificio de nuestro hospital municipal Dr. Ra\u00fal Caccavo, de 69 camas pasamos a 150, reformamos salas, vestuarios, ba\u00f1os, salas de UTI pasamos de tener 4 camas a 9, incorporaci\u00f3n de nueva tecnolog\u00eda, con el apoyo de la provincia y la Naci\u00f3n, preferimos achicar obras de pavimentaci\u00f3n para invertir en salud.-<br \/>\nEl a\u00f1o pasado se comenz\u00f3 con la carrera profesional, suceso muy solicitado por el personal de salud. Al d\u00eda de hoy llevamos cargos concursados de manera transparente y seguiremos haci\u00e9ndolo hasta cubrir todos los sectores.<br \/>\nEn el hospital de Huanguel\u00e9n se hicieron reformas y se incorpor\u00f3 tecnolog\u00eda muy importante con el apoyo de la cooperadora.<br \/>\n<strong>AUMENTO DE CAPACIDAD DE MATERNIDAD :<\/strong><br \/>\nSe est\u00e1 llevando adelante un proyecto de ampliaci\u00f3n de 15 camas m\u00e1s de maternidad para igualar la cantidad de camas en neonatolog\u00eda.<br \/>\n<strong>TELEMEDICINA<\/strong><br \/>\nEste sistema operativo nos permiti\u00f3 en la pandemia hacer un trabajo de detecci\u00f3n y cuidado temprano del covid. A ra\u00edz de su buen resultado , lo seguiremos implementando m\u00e1s all\u00e1 de la pandemia a los fines de utilizarlo como una puerta que comunique la poblaci\u00f3n con el sistema sanitario.<br \/>\n<strong>DISCAPACIDAD<\/strong><br \/>\nEste a\u00f1o se entregaron m\u00e1s de 132 certificados \u00fanicos de discapacidad . Esto quiere decir que se hizo un trabajo intenso de asesoramiento y acompa\u00f1amiento barrio por barrio. Seguiremos siendo un estado<br \/>\npresente en este sentido ampliando derechos de quienes m\u00e1s lo necesitan.<br \/>\n<strong>EDUCACI\u00d3N<\/strong><br \/>\nSeguimos jerarquizando nuestro Creus, en el 2021 y 2022 sumamos nuevas carreras y seguiremos apostando a la educaci\u00f3n p\u00fablica y gratuita,\u00a0con la intenci\u00f3n de incorporar Martillero Rural y Tecnicatura en Inform\u00e1tica. Hoy contamos con la Lic. En Educaci\u00f3n con 180 inscriptos, Contador con m\u00e1s de 70 estudiantes y comenz\u00f3 la carrera T\u00e9cnico Universitario en Sistemas Electr\u00f3nicos Industriales Inteligentes.<br \/>\nConstruyendo la sede propia de nuestra futura universidad.<br \/>\nBecas: se realiz\u00f3 una inversi\u00f3n de 15.000.000 en el programa de becas universitarias<br \/>\nResidencias: tenemos m\u00e1s de 80 alumnos en las residencias estudiantiles en Buenos Aires, La Plata, Bah\u00eda Blanca y Coronel Su\u00e1rez. En este sentido se trabaja de manera articulada con la comisi\u00f3n de becas del HCD y con el consejo escolar.<br \/>\nEscuelas a la obra : llevamos en ejecuci\u00f3n m\u00e1s de 20 obras en diversas escuelas y jardines , este trabajo se realiza de forma conjunta con el Consejo Escolar e infraestructura provincial.<br \/>\nPor otro lado implementamos el programa Juana Manso en donde entregamos 59 notebooks en diferentes escuelas .<br \/>\n<strong>SERVICIOS P\u00daBLICOS<\/strong><br \/>\nMejoramos todos los espacios p\u00fablicos, logrando una limpieza y orden que la gente reclamaba , volvimos a ser una ciudad y un distrito de los m\u00e1s lindos y ordenados de la regi\u00f3n.<br \/>\nEste \u00e1rea se dedic\u00f3 de manera intensa a hermosear la ciudad , a recuperar las calles limpias y ordenadas. Decidimos incorporar dos camiones de recolecci\u00f3n de basura nuevos a los fines de mejorar el servicio.<br \/>\nForestamos la senda de la salud, mejoramos y ampliamos los espacios verdes del balneario municipal, convertimos la cava de santa trinidad en un espacio verde , espec\u00edficamente en una cancha de f\u00fatbol.<br \/>\nSe pintaron 18 plazas y se remodel\u00f3 la hist\u00f3rica plaza tambor de tacuari.<br \/>\nContinuamos con la reparaci\u00f3n y entoscado de calles. Reparamos con material de barrido asfaltico, las calles accesorias muy transitadas que comunican los pueblos alemanes con el centro de la ciudad, como lo son Remedios de Escalada e Isla Gran Malvinas.<br \/>\n<strong>PRODUCCI\u00d3N<\/strong><br \/>\nLas acciones realizadas en esta \u00e1rea fueron muchas. Inauguramos el frigor\u00edfico de pollos en donde hoy se faenan m\u00e1s de mil pollos mensuales.<br \/>\nFrigor\u00edfico Huanguel\u00e9n : se est\u00e1 trabajando en un proyecto de reconversi\u00f3n para transformarlo en una unidad productiva. A trav\u00e9s de los fondos que nos brinda la ley ovina, adquirimos una c\u00e1mara de fr\u00edo.<br \/>\n<strong>PROGRAMA NUESTRA HUERTA:<\/strong><br \/>\nA trav\u00e9s del programa SEMBRAR , soberan\u00eda alimentaria ,con una inversi\u00f3n de 3 millones , se producen y se comercializan verduras agroecol\u00f3gicas. Siguiendo esta l\u00ednea se encuentra en la etapa de finalizaci\u00f3n la obra del mercado frutihort\u00edcola ubicada en el parque industrial.<br \/>\n<strong>TALLERES DE CALZADO E INDUMENTARIA:<\/strong><br \/>\nRe-abrimos m\u00e1s de 4 talleres locales y digo re abrimos porque desde 2015 al 2019 tuvieron que cerrar sus puertas dejando a gente sin trabajo. Asumimos el compromiso de brindarles nuestro apoyo a trav\u00e9s de gestiones y as\u00ed lo hicimos. hoy est\u00e1n en funcionamiento y creciendo a pasos agigantados.<br \/>\n<strong>ASISTENCIA PARA APICULTORES:<\/strong><br \/>\nEntregamos del fondo rotatorio municipal cr\u00e9ditos para apicultores, acompa\u00f1ado de material apicola.<br \/>\n<strong>MICROCR\u00c9DITOS<\/strong><br \/>\nSe entregaron microcr\u00e9ditos por m\u00e1s de 2 millones de pesos a emprendedores.<br \/>\n<strong>MEDIO AMBIENTE:<\/strong><br \/>\nColaboramos con la inauguraci\u00f3n el centro de acopio transitorio de envases de fitosanitarios de campo limpio. Al d\u00eda de la fecha se reciclaron m\u00e1s de 1000 mil envases.<br \/>\nSe incorporaron m\u00e1s de 10 puntos limpios en diferentes puntos de la ciudad.<br \/>\nAgenda 2030: en el marco de la implementaci\u00f3n del programa Su\u00e1rez sostenible se trabaja conjuntamente con la ciudad de Schwabach (Alemania) a trav\u00e9s de un convenio que nos permite tratar distintos puntos para trabajar en la educaci\u00f3n ambiental.\u00a0Tambi\u00e9n , se adhiri\u00f3 a la ley Yolanda la cual hace que se trabaje con perspectiva ambiental<br \/>\n<strong>GOBIERNO \u2013 SEGURIDAD \u2013 JEFATURA DE GABINETE<\/strong><br \/>\nQuiero hacer menci\u00f3n especial para los delegados de los pueblos alemanes, Villa la Arcadia , Huanguel\u00e9n , Pasman y Curamalal por contribuir y estar siempre pendientes de la poblaci\u00f3n su trabajo nos permite tener llegada directa las diferentes problem\u00e1ticas y necesidades de los vecinos.<br \/>\nAsimismo , un agradecimiento muy sincero al \u00e1rea de seguridad y a todas las dependencias que son las que contribuyen al orden y esto nos lleva a tener una ciudad segura y elegida por muchos.<br \/>\nJefatura de Gabinete implement\u00f3 el programa \u201cla Muni en tu barrio\u201d logrando llegar con todas las \u00e1reas nacionales, provinciales y municipales a todos los vecinos.<br \/>\nColabor\u00f3 en forma impecable, sobresaliente en el Vacunatorio.<br \/>\n<strong>SUAREZ PEATONAL:<\/strong>\u00a0una propuesta popular e inclusiva para que comerciantes y artistas locales puedan desarrollarse y ser un gran atractivo gratuito para la poblaci\u00f3n.<br \/>\n<strong>ADULTOS MAYORES:<\/strong><br \/>\n\u00c1rea que sigue creciendo y renov\u00e1ndose a\u00f1o tras a\u00f1o. m\u00e1s de 1800 adultos mayores asisten a diversos talleres. Se continuaron con los viajes recreativos y tambi\u00e9n la participaci\u00f3n activa en torneos provinciales y regionales. Esta \u00e1rea tambi\u00e9n desarrolla actividades barriales a los fines de seguir acercando e invitando a todos los adultos mayores.<br \/>\n<strong>CULTURA:<\/strong><br \/>\nSe gestion\u00f3 ante el ministerio de cultura de la naci\u00f3n la recuperaci\u00f3n edilicia del mercado de las artes con un monto aproximado de 20 millones.<br \/>\nPor otro lado, en el mes de abril tendremos el tren cultural , una propuesta interactiva para los distintos niveles educativos.<br \/>\nRealizaremos un trabajo intenso de acercar la cultura a los barrios populares con diversos talleres<br \/>\n<strong>TURISMO:<\/strong><br \/>\nEst\u00e1 en funcionamiento el plan de turismo estrat\u00e9gico el cual permite revalorizar y planificar el turismo en nuestro distrito. Seguimos acompa\u00f1ando como siempre a nuestras fiestas patronales y culturales<br \/>\n<strong>DEPORTES<\/strong><br \/>\nSe inici\u00f3 y se ampliaron las escuelas municipales de deportes\u00a0se intensific\u00f3 la llegada del deporte en los barrios<br \/>\n<strong>DESARROLLO SOCIAL :<\/strong><br \/>\nInauguramos dos sedes de envi\u00f3n donde actualmente concurren 130 j\u00f3venes.<br \/>\nSe inici\u00f3 con la capacitaci\u00f3n de la ley Micaela a los funcionarios de los distintos poderes, deliberativo y ejecutivo<br \/>\nen conjunto con la secretaria de producci\u00f3n se est\u00e1 llevando de manera exitosa el programas de huertas comunitarias, en este sentido apostamos a la formaci\u00f3n de cooperativas.<br \/>\n<strong>OBRAS P\u00daBLICAS<\/strong><br \/>\nDurante el 2021 planificamos y realizamos una inversi\u00f3n hist\u00f3rica en obras p\u00fablicas.<br \/>\nse iniciaron m\u00e1s de 8 obras importantes y claves para nuestro distrito:\u00a0una obra muy esperada fue la colectora de Villa Belgrano. Tambi\u00e9n se comenz\u00f3 con la obra de redes cloacales en este sector, si Dios quiere antes\u00a0de fin de a\u00f1o Villa Belgrano contar\u00e1 con el servicio de cloacas tan esperado por a\u00f1os.<br \/>\nSe finalizaron 10 cuadras de pavimento en diferentes barrios y se contin\u00faa este a\u00f1o trabajando en ello.<br \/>\nSe gestionaron 122 viviendas para todo aquel que ten\u00eda terreno, las primeras 44 est\u00e1n en construcci\u00f3n avanzada. las 78 restantes en proceso licitatorio. Es importante destacar que somos conscientes de que no se realiz\u00f3 inversi\u00f3n en el banco de tierras municipal, a pesar de eso decidimos iniciar las gestiones correspondientes para la obtenci\u00f3n de 600 lotes en el distrito.<br \/>\nSe iniciaron obras fundamentales que el gobierno anterior decidi\u00f3 no impulsarlas durante su gesti\u00f3n: la terminaci\u00f3n de la secundaria 5 en santa trinidad y el jard\u00edn del del barrio Rosario.<br \/>\nPor otro lado , planificamos y ya casi est\u00e1 finalizada la ciclov\u00eda en Avenida Sixto Rodriguez.<br \/>\nIniciamos la construcci\u00f3n de CREUS para proyectar el polo educativo en nuestra ciudad.<br \/>\nComo oportunamente se mencion\u00f3 se construy\u00f3 el mercado frutihort\u00edcola concentrador el cual generar\u00e1 fuentes de trabajo y mejorar\u00e1 la econom\u00eda familiar.<br \/>\n<strong>PROYECCIONES 2022:<\/strong><br \/>\nEste a\u00f1o al fin pudimos concretar otra obra que el gobierno anterior dej\u00f3 paralizada, la nueva terminal de \u00f3mnibus. La obra se encuentra adjudicada y est\u00e1 pr\u00f3xima a comenzar.<br \/>\nComo escuchamos a los vecinos , iniciamos una segunda ciclov\u00eda desde Santa trinidad hacia el centro de la ciudad. se encuentra en la \u00faltima etapa de su ejecuci\u00f3n.<br \/>\nLicitamos un monto total de 50 millones de obras de cloacas en diferentes sectores del distrito. y continuamos con proyecciones para lograr que todo Coronel Su\u00e1rez cuente con cloacas.<br \/>\nPlanificamos cuadras de pavimento para los pueblos alemanes , Huanguelen as\u00ed como tambi\u00e9n obras de cord\u00f3n cuneta en distintos barrios iniciando por Ren\u00e9 Favaloro y San Cayetano.<br \/>\nIniciamos la obra troncal de gas en Santa Trinidad y diversas obras peque\u00f1as en diversos sectores.<br \/>\nComienza la ejecuci\u00f3n del proyecto de la casa de la provincia: se proyecta unificar todos las dependencias provinciales en un solo edificio.<br \/>\n<strong>RUTAS:<\/strong><br \/>\nSeguimos gestionando para la conclusi\u00f3n de la ruta 67 de coronel Su\u00e1rez a General Lamadrid contando con el apoyo de la Provincia y de la Naci\u00f3n para lograrla.<br \/>\nGestionamos y logramos despu\u00e9s de 30 a\u00f1os la adjudicaci\u00f3n de la obra de la ruta 60, ruta reclamada por todos los gobiernos que nos antecedieron durante muchos a\u00f1os. Hoy pr\u00f3ximos a la ejecuci\u00f3n, nos sentimos orgullosos de haberlo logrado; el monto de la obra es de $1.941.000.000 y la empresa Eleprint sa es la encargada de la ejecuci\u00f3n.<br \/>\nlogramos tambi\u00e9n la adjudicaci\u00f3n de la primera etapa de la ruta 76 a sierra de la ventana, primeros 38 km adjudicados. La empresa Coarco es la encargada de la ejecuci\u00f3n de la obra por un monto de $1.190.000.000.<br \/>\nTambi\u00e9n, gestionamos 17 km de la ruta 85 a rotonda Guamin\u00ed, adjudicada y en ejecuci\u00f3n.<br \/>\nA su vez, estamos realizando nuevas solicitudes: tramo San Eloy a Coronel Su\u00e1rez y tramo Su\u00e1rez\/ Pasman<br \/>\nSe encuentra en marcha el proyecto de la reparaci\u00f3n de AV. CIRCUNVALACI\u00d3N , t\u00e9cnicos de vialidad provincial junto a los municipales preparan el proyecto.<br \/>\n<strong>VIALIDAD RURAL<\/strong><br \/>\nHemos trabajado en forma conjunta. Gestionamos recursos en la Provincia por 5 millones que fueron utilizados en el acceso a D\u2019Orbigny. En este sentido quiero agradecerles a los productores rurales en general , porque durante la pandemia nos permitieron destinar un 20% de los recursos de la tasa vial para cubrir parte de los gastos de salud. Contribuyendo con 40 millones sobre los 273 millones que se gastaron en la pandemia . Quedando el 50% para la reparaci\u00f3n de caminos rurales y un 20% para la salud. Este acuerdo se realiz\u00f3 por la situaci\u00f3n que nos toc\u00f3 atravesar, la pandemia; pero cumplimos con nuestro compromiso. Hoy la tasa vial vuelve a recuperar su 70% para caminos rurales, quedando as\u00ed un 30% para \u00e1reas generales.<\/p>\n<p>Sabemos que todav\u00eda hay mucho por hacer, la pandemia retrasa la gesti\u00f3n de gobierno, pero no hemos bajado los brazos nunca\u2026hemos tenido el acompa\u00f1amiento del cuerpo deliberativo, espero que siga siendo as\u00ed, porque en definitiva todos queremos mejorar la calidad de vida de la poblaci\u00f3n, cubrir la falta de trabajo a trav\u00e9s de la generaci\u00f3n de empleo, garantizar las viviendas, hacer pavimento, agua, gas, cloacas, iluminaci\u00f3n, mejor educaci\u00f3n, m\u00e1s seguridad, etc. En los dos a\u00f1os transcurridos y con una pandemia encima llevamos proyectados m\u00e1s de $ 510 millones en viviendas, m\u00e1s de $ 800 millones en cloacas, agua, gas, iluminaci\u00f3n, infraestructura escolar, pavimento, ciclov\u00edas, semi peatonal, etc, o sea, que nuestro proyectado y en ejecuci\u00f3n ronda los $ 1.310 millones, y si sumamos las obras de Naci\u00f3n y provincia en rutas, ($ 2.900 millones), estamos superando los 4210 millones en obras in\u00e9dito para\u00a0nuestro distrito,.. obras e inversi\u00f3n para garantizar derechos b\u00e1sicos y tener una calidad de vida digna.<br \/>\nun agradecimiento al presidente de la Naci\u00f3n y al Gobernador, porque hemos sentido el apoyo permanente en todo sentido, con auxilios financieros, en salud, educaci\u00f3n, rutas y en obras p\u00fablicas, sin ellos hubiese sido imposible llevar una gesti\u00f3n exitosa, porque el impacto duro de la pandemia afect\u00f3 lo social, laboral y emocional de todos los habitantes del distrito, quiero terminar agradeciendo a la poblaci\u00f3n por haber acompa\u00f1ado el proceso de vacunaci\u00f3n porque gracias a eso hoy se vuelve a la normalidad y tambi\u00e9n a la presencialidad.<br \/>\nSin m\u00e1s dejo inauguradas las sesiones ordinarias del cuerpo.<\/p>\n","protected":false},"excerpt":{"rendered":"<p>El Jefe Comunal realiz\u00f3 un repaso de los ejes de gesti\u00f3n de cada una de las \u00e1reas municipales durante los \u00faltimos dos a\u00f1os, al tiempo que se refiri\u00f3 al estado de las cuentas municipales, lo proyectado y planificado para el presente a\u00f1o, remarcando que \u201cestamos superando los 4.210 millones en obras, \u201ccifras in\u00e9ditas para para nuestro distrito\u201d, obras e inversi\u00f3n<\/p>\n<div class=\"h10\"><\/div>\n<p><a class=\"more-link1\" href=\"https:\/\/www.hcdcoronelsuarez.gob.ar\/index.php\/2022\/03\/04\/el-intendente-municipal-ricardo-moccero-dejo-inaugurado-el-periodo-de-sesiones-ordinarias-2022-del-concejo-deliberante\/\">Read more<\/a><\/p>\n","protected":false},"author":1,"featured_media":1208,"comment_status":"closed","ping_status":"closed","sticky":false,"template":"","format":"gallery","meta":{"footnotes":""},"categories":[1],"tags":[],"class_list":["post-1207","post","type-post","status-publish","format-gallery","has-post-thumbnail","hentry","category-sin-categoria","post_format-post-format-gallery"],"_links":{"self":[{"href":"https:\/\/www.hcdcoronelsuarez.gob.ar\/index.php\/wp-json\/wp\/v2\/posts\/1207","targetHints":{"allow":["GET"]}}],"collection":[{"href":"https:\/\/www.hcdcoronelsuarez.gob.ar\/index.php\/wp-json\/wp\/v2\/posts"}],"about":[{"href":"https:\/\/www.hcdcoronelsuarez.gob.ar\/index.php\/wp-json\/wp\/v2\/types\/post"}],"author":[{"embeddable":true,"href":"https:\/\/www.hcdcoronelsuarez.gob.ar\/index.php\/wp-json\/wp\/v2\/users\/1"}],"replies":[{"embeddable":true,"href":"https:\/\/www.hcdcoronelsuarez.gob.ar\/index.php\/wp-json\/wp\/v2\/comments?post=1207"}],"version-history":[{"count":4,"href":"https:\/\/www.hcdcoronelsuarez.gob.ar\/index.php\/wp-json\/wp\/v2\/posts\/1207\/revisions"}],"predecessor-version":[{"id":1273,"href":"https:\/\/www.hcdcoronelsuarez.gob.ar\/index.php\/wp-json\/wp\/v2\/posts\/1207\/revisions\/1273"}],"wp:featuredmedia":[{"embeddable":true,"href":"https:\/\/www.hcdcoronelsuarez.gob.ar\/index.php\/wp-json\/wp\/v2\/media\/1208"}],"wp:attachment":[{"href":"https:\/\/www.hcdcoronelsuarez.gob.ar\/index.php\/wp-json\/wp\/v2\/media?parent=1207"}],"wp:term":[{"taxonomy":"category","embeddable":true,"href":"https:\/\/www.hcdcoronelsuarez.gob.ar\/index.php\/wp-json\/wp\/v2\/categories?post=1207"},{"taxonomy":"post_tag","embeddable":true,"href":"https:\/\/www.hcdcoronelsuarez.gob.ar\/index.php\/wp-json\/wp\/v2\/tags?post=1207"}],"curies":[{"name":"wp","href":"https:\/\/api.w.org\/{rel}","templated":true}]}}