{"id":1135,"date":"2021-12-10T09:41:59","date_gmt":"2021-12-10T12:41:59","guid":{"rendered":"http:\/\/www.hcdcoronelsuarez.gob.ar\/?p=1135"},"modified":"2023-03-30T09:06:10","modified_gmt":"2023-03-30T12:06:10","slug":"jura-de-los-nuevos-concejales","status":"publish","type":"post","link":"https:\/\/www.hcdcoronelsuarez.gob.ar\/index.php\/2021\/12\/10\/jura-de-los-nuevos-concejales\/","title":{"rendered":"Jura de los nuevos concejales"},"content":{"rendered":"<p>El Intendente de Coronel Su\u00e1rez Ricardo Moccero particip\u00f3 en la noche del jueves 9 de diciembre de la Sesi\u00f3n Preparatoria desarrollada en el recinto de sesiones del Honorable Concejo Deliberante, de la toma de juramento de los concejales electos en las pasadas elecciones del mes de noviembre.<br \/>\nPor ser el concejal de mayor edad, Ricardo Salvi asumi\u00f3 la Presidencia Provisoria del cuerpo y procedi\u00f3 a la toma de juramento a los concejales Lourdes Fern\u00e1ndez, Luj\u00e1n Speranza, Ezequiel Filllipuzzi y Evangelina Arroquy por la alianza Juntos, y a Flavio Diez, Mar\u00eda Jos\u00e9 Lacoste y N\u00e9stor Carbini por el Frente de Todos.<br \/>\nDe esta manera, el cuerpo qued\u00f3 compuesto adem\u00e1s por Valeria Negr\u00edn, Eugenia P\u00e9rez, Ricardo Salerno, Sof\u00eda Ochoteco, Zen\u00f3n Ponce y Mauro Moccero, que ser\u00e1 reemplazado desde este 10 de diciembre, por la concejala de Huanguel\u00e9n Cecilia Stoll.<br \/>\nLuego de la jura, por unanimidad fue elegido como Presidente del Honorable Concejo Deliberante el concejal Ricardo Salerno, Vice Presidenta primera Segunda, Lujan Speranza, Vicepresidente segundo Diego Schneider y Secretaria Carolina Radice.<\/p>\n","protected":false},"excerpt":{"rendered":"<p>El Intendente de Coronel Su\u00e1rez Ricardo Moccero particip\u00f3 en la noche del jueves 9 de diciembre de la Sesi\u00f3n Preparatoria desarrollada en el recinto de sesiones del Honorable Concejo Deliberante, de la toma de juramento de los concejales electos en las pasadas elecciones del mes de noviembre. Por ser el concejal de mayor edad, Ricardo Salvi asumi\u00f3 la Presidencia Provisoria<\/p>\n<div class=\"h10\"><\/div>\n<p><a class=\"more-link1\" href=\"https:\/\/www.hcdcoronelsuarez.gob.ar\/index.php\/2021\/12\/10\/jura-de-los-nuevos-concejales\/\">Read more<\/a><\/p>\n","protected":false},"author":1,"featured_media":1153,"comment_status":"closed","ping_status":"closed","sticky":false,"template":"","format":"gallery","meta":{"footnotes":""},"categories":[1],"tags":[],"class_list":["post-1135","post","type-post","status-publish","format-gallery","has-post-thumbnail","hentry","category-sin-categoria","post_format-post-format-gallery"],"_links":{"self":[{"href":"https:\/\/www.hcdcoronelsuarez.gob.ar\/index.php\/wp-json\/wp\/v2\/posts\/1135","targetHints":{"allow":["GET"]}}],"collection":[{"href":"https:\/\/www.hcdcoronelsuarez.gob.ar\/index.php\/wp-json\/wp\/v2\/posts"}],"about":[{"href":"https:\/\/www.hcdcoronelsuarez.gob.ar\/index.php\/wp-json\/wp\/v2\/types\/post"}],"author":[{"embeddable":true,"href":"https:\/\/www.hcdcoronelsuarez.gob.ar\/index.php\/wp-json\/wp\/v2\/users\/1"}],"replies":[{"embeddable":true,"href":"https:\/\/www.hcdcoronelsuarez.gob.ar\/index.php\/wp-json\/wp\/v2\/comments?post=1135"}],"version-history":[{"count":2,"href":"https:\/\/www.hcdcoronelsuarez.gob.ar\/index.php\/wp-json\/wp\/v2\/posts\/1135\/revisions"}],"predecessor-version":[{"id":1274,"href":"https:\/\/www.hcdcoronelsuarez.gob.ar\/index.php\/wp-json\/wp\/v2\/posts\/1135\/revisions\/1274"}],"wp:featuredmedia":[{"embeddable":true,"href":"https:\/\/www.hcdcoronelsuarez.gob.ar\/index.php\/wp-json\/wp\/v2\/media\/1153"}],"wp:attachment":[{"href":"https:\/\/www.hcdcoronelsuarez.gob.ar\/index.php\/wp-json\/wp\/v2\/media?parent=1135"}],"wp:term":[{"taxonomy":"category","embeddable":true,"href":"https:\/\/www.hcdcoronelsuarez.gob.ar\/index.php\/wp-json\/wp\/v2\/categories?post=1135"},{"taxonomy":"post_tag","embeddable":true,"href":"https:\/\/www.hcdcoronelsuarez.gob.ar\/index.php\/wp-json\/wp\/v2\/tags?post=1135"}],"curies":[{"name":"wp","href":"https:\/\/api.w.org\/{rel}","templated":true}]}}