{"id":1055,"date":"2021-03-12T09:36:12","date_gmt":"2021-03-12T12:36:12","guid":{"rendered":"http:\/\/www.hcdcoronelsuarez.gob.ar\/?p=1055"},"modified":"2021-03-15T09:52:28","modified_gmt":"2021-03-15T12:52:28","slug":"moccero-remarco-la-gestion-en-pandemia-y-llamo-a-trabajar-junto-a-la-oposicion","status":"publish","type":"post","link":"https:\/\/www.hcdcoronelsuarez.gob.ar\/index.php\/2021\/03\/12\/moccero-remarco-la-gestion-en-pandemia-y-llamo-a-trabajar-junto-a-la-oposicion\/","title":{"rendered":"Moccero remarc\u00f3 la gesti\u00f3n en pandemia y llam\u00f3 a trabajar junto a la oposici\u00f3n"},"content":{"rendered":"<p><em>Se refiri\u00f3 al apoyo tanto de Provincia como de Naci\u00f3n en la gesti\u00f3n frente a la Pandemia y tambi\u00e9n en la reactivaci\u00f3n de la f\u00e1brica de zapatillas. Remarc\u00f3 que en Coronel Su\u00e1rez no hay vacunaci\u00f3n Vip a la vez que destac\u00f3 el funcionamiento de la Facultad presencial y el trabajo de toda el \u00e1rea de Salud.<\/em><\/p>\n<p>Con un Concejo Deliberante sin p\u00fablico en el marco de los cuidados por el Covid-19, con ventanas abiertas, solo con presencia de funcionarios del gobierno, el intendente Ricardo Moccero dej\u00f3 inaugurado el per\u00edodo de sesiones ordinarias con un fuerte discurso en donde remarc\u00f3 su gesti\u00f3n frente a la Pandemia y un gobierno que hace hincapi\u00e9 en la Justicia Social.<br \/>\nComenz\u00f3 hablando de la deuda heredada del gobierno anterior de 143 millones de pesos, un 12% del presupuesto, que gracias al apoyo del gobierno provincial lograron bajar al 6%, con el objetivo de llegar a tener una deuda que solo represente el 2% del presupuesto.<br \/>\nMoccero dijo que sostendr\u00e1n la emergencia econ\u00f3mica y sanitaria en este 2021 e hizo referencia a las denuncias que la oposici\u00f3n radic\u00f3 hacia su gesti\u00f3n.<br \/>\nSe refiri\u00f3 a la modificaci\u00f3n de Ganancias y mencion\u00f3 que \u201c1097 personas dejar\u00e1n de pagar el impuesto a las Ganancias en Coronel Su\u00e1rez\u201d.<br \/>\nEl primer aplauso de los presentes lleg\u00f3 cuando mencion\u00f3 las gestiones realizadas para recuperar puestos de trabajo en la f\u00e1brica Dass, en torno al cierre de las importaciones de calzados e indic\u00f3 que \u201cvamos a hacer lo que no hizo el gobierno anterior, gestionar para mantener las fuentes de trabajo, esta f\u00e1brica tiene el apoyo del intendente, del gobernador y del Presidente\u201d.<\/p>\n<p><strong>Pandemia<\/strong><\/p>\n<p>Con respecto a la Pandemia coment\u00f3 sobre la conformaci\u00f3n del Comit\u00e9 de Crisis, que fue quien se encarg\u00f3 de evaluar las decisiones a tomar. Tambi\u00e9n remarc\u00f3 que se ocup\u00f3 de los trabajadores independientes y de quienes hac\u00edan changas, cuando se produjo el primer aislamiento por la Pandemia.<br \/>\n\u201cSe perjudicaron muchos trabajadores independientes, este sector no pod\u00eda trabajar cuando otro sector s\u00ed lo hac\u00eda\u201d, en alusi\u00f3n al trabajo de la gente del campo. \u201cUn d\u00eda sin pedir autorizaci\u00f3n le di la orden a mis funcionarios que comenzaran a llamar a quienes hac\u00edan changas para que volvieran a trabajar. Me llamaron de Provincia para saber qu\u00e9 estaba haciendo y les dije que Justicia Social, porque si el sector productivo, que m\u00e1s capital tiene puede entrar y salir de la ciudad, por qu\u00e9 las personas que no tienen trabajo no pueden. Y me dijeron, ten\u00e9s raz\u00f3n\u201d.<br \/>\nDestac\u00f3 la creaci\u00f3n del servicio de Telemedicina, la utilizaci\u00f3n del Fondo de Infraestructura para la ampliaci\u00f3n del Hospital, las contrataciones de estudiantes de enfermer\u00eda, gracias al apoyo de los 16 concejales que aprobaron el programa CIELO (Capacitaci\u00f3n Intensiva Especializada Laboral Organizada).<br \/>\nCon respecto a la vacunaci\u00f3n contra el Covid-19 inform\u00f3 que Coronel Su\u00e1rez tiene hasta el momento 7000 inscriptos y hasta ahora 2000 vacunados y agradeci\u00f3 al Coordinador de la Campa\u00f1a Luciano Creded\u00edo, al Jefe de Gabinete N\u00e9stor Carbini y al Subsecretario de Salud y Coordinador de la Emergencia Sanitaria Rodrigo Gasteneguy.<br \/>\nA la vez dijo que \u201cac\u00e1 no hay vacunaci\u00f3n Vip, llegan las vacunas con el listado que viene de La Plata y se respeta a rajatabla. Tuve la posibilidad de vacunarme y dije que no, que se sigan vacunando todos los de Salud\u201d.<\/p>\n<p><strong>Viviendas y producci\u00f3n<\/strong><\/p>\n<p>No dej\u00f3 de mencionar las obras sin terminar del gobierno anterior. \u201cLos gobiernos municipales tienen continuidad pol\u00edtica, social y econ\u00f3mica y cuando no se entiende hay mezquindad pol\u00edtica. El gobierno anterior no quiso hacer gestiones por la Ruta 67 ni por la Terminal de \u00d3mnibus. Les dejamos 100 viviendas que en 4 a\u00f1os no pudieron terminar y nosotros en plena pandemia entregamos las primeras 50 y ahora entregaremos el resto\u201d.<br \/>\nRemarc\u00f3 los 23 proyectos de cloacas gestionados y dijo que \u201cno se lo recriminamos a nadie, no somos denunciadores, venimos a trabajar con seriedad\u201d.<br \/>\nA su vez habl\u00f3 de las obras proyectadas de remodelaci\u00f3n de plazas, ciclov\u00edas, banco de tierras y dijo que \u201choy vuelve el procrear y queremos tener 450 lotes para eso\u201d.<br \/>\nMoccero destac\u00f3 la creaci\u00f3n de un Mercado Concentrador de Frutas y Verduras, la reactivaci\u00f3n de talleres textiles y el nuevo Frigor\u00edfico de Animales Menores.<\/p>\n<p><strong>El logro de la facultad presencial<\/strong><\/p>\n<p>\u201cNos trataron de mentirosos cuando dijimos que \u00edbamos a tener una Facultad Presencial y hoy funciona CREUS, Centro Regional Educativo Universitario Suarense. Tenemos el apoyo de Jimmy Perczyk, secretario de Pol\u00edticas Universitarias de la Naci\u00f3n que pretende como nosotros lograr una Universidad Nacional para Coronel Su\u00e1rez\u201d.<br \/>\nPor \u00faltimo, llam\u00f3 a terminar con la grieta, demostrar que se puede trabajar en conjunto y remarc\u00f3 que \u201cson a\u00f1os dif\u00edciles, la poblaci\u00f3n nos pide que estemos juntos. La gente confi\u00f3 en nosotros, quiero que est\u00e9n al lado m\u00edo\u201d.<\/p>\n<p>Fuente: La Nueva Provincia<\/p>\n","protected":false},"excerpt":{"rendered":"<p>Se refiri\u00f3 al apoyo tanto de Provincia como de Naci\u00f3n en la gesti\u00f3n frente a la Pandemia y tambi\u00e9n en la reactivaci\u00f3n de la f\u00e1brica de zapatillas. Remarc\u00f3 que en Coronel Su\u00e1rez no hay vacunaci\u00f3n Vip a la vez que destac\u00f3 el funcionamiento de la Facultad presencial y el trabajo de toda el \u00e1rea de Salud. Con un Concejo Deliberante<\/p>\n<div class=\"h10\"><\/div>\n<p><a class=\"more-link1\" href=\"https:\/\/www.hcdcoronelsuarez.gob.ar\/index.php\/2021\/03\/12\/moccero-remarco-la-gestion-en-pandemia-y-llamo-a-trabajar-junto-a-la-oposicion\/\">Read more<\/a><\/p>\n","protected":false},"author":1,"featured_media":1058,"comment_status":"closed","ping_status":"closed","sticky":false,"template":"","format":"gallery","meta":{"footnotes":""},"categories":[1],"tags":[],"class_list":["post-1055","post","type-post","status-publish","format-gallery","has-post-thumbnail","hentry","category-sin-categoria","post_format-post-format-gallery"],"_links":{"self":[{"href":"https:\/\/www.hcdcoronelsuarez.gob.ar\/index.php\/wp-json\/wp\/v2\/posts\/1055","targetHints":{"allow":["GET"]}}],"collection":[{"href":"https:\/\/www.hcdcoronelsuarez.gob.ar\/index.php\/wp-json\/wp\/v2\/posts"}],"about":[{"href":"https:\/\/www.hcdcoronelsuarez.gob.ar\/index.php\/wp-json\/wp\/v2\/types\/post"}],"author":[{"embeddable":true,"href":"https:\/\/www.hcdcoronelsuarez.gob.ar\/index.php\/wp-json\/wp\/v2\/users\/1"}],"replies":[{"embeddable":true,"href":"https:\/\/www.hcdcoronelsuarez.gob.ar\/index.php\/wp-json\/wp\/v2\/comments?post=1055"}],"version-history":[{"count":2,"href":"https:\/\/www.hcdcoronelsuarez.gob.ar\/index.php\/wp-json\/wp\/v2\/posts\/1055\/revisions"}],"predecessor-version":[{"id":1061,"href":"https:\/\/www.hcdcoronelsuarez.gob.ar\/index.php\/wp-json\/wp\/v2\/posts\/1055\/revisions\/1061"}],"wp:featuredmedia":[{"embeddable":true,"href":"https:\/\/www.hcdcoronelsuarez.gob.ar\/index.php\/wp-json\/wp\/v2\/media\/1058"}],"wp:attachment":[{"href":"https:\/\/www.hcdcoronelsuarez.gob.ar\/index.php\/wp-json\/wp\/v2\/media?parent=1055"}],"wp:term":[{"taxonomy":"category","embeddable":true,"href":"https:\/\/www.hcdcoronelsuarez.gob.ar\/index.php\/wp-json\/wp\/v2\/categories?post=1055"},{"taxonomy":"post_tag","embeddable":true,"href":"https:\/\/www.hcdcoronelsuarez.gob.ar\/index.php\/wp-json\/wp\/v2\/tags?post=1055"}],"curies":[{"name":"wp","href":"https:\/\/api.w.org\/{rel}","templated":true}]}}