{"id":1017,"date":"2020-03-06T07:25:07","date_gmt":"2020-03-06T10:25:07","guid":{"rendered":"https:\/\/www.hcdcoronelsuarez.gob.ar\/?p=1017"},"modified":"2020-03-09T07:33:11","modified_gmt":"2020-03-09T10:33:11","slug":"mensaje-del-intendente-moccero-al-inicio-de-las-sesiones-ordinarias-del-concejo","status":"publish","type":"post","link":"https:\/\/www.hcdcoronelsuarez.gob.ar\/index.php\/2020\/03\/06\/mensaje-del-intendente-moccero-al-inicio-de-las-sesiones-ordinarias-del-concejo\/","title":{"rendered":"MENSAJE DEL INTENDENTE MOCCERO AL INICIO DE LAS SESIONES ORDINARIAS DEL CONCEJO"},"content":{"rendered":"<div>Solicit\u00f3 el acompa\u00f1amiento de las y los vecinos de Coronel Su\u00e1rez para poner el distrito de pie, en el marco de una profunda crisis econ\u00f3mica que dej\u00f3 la gesti\u00f3n anterior. Pese al deterioro del anclaje municipal, fue un mensaje de esperanza, con el convencimiento que trabajando Naci\u00f3n, Provincia y Municipio podremos salir adelante juntos.<\/div>\n<div><\/div>\n<div>En su mensaje de apertura, el Intendente Moccero hizo un repaso acerca de la situaci\u00f3n econ\u00f3mica y financiera del Municipio. Confirm\u00f3 que Villa Belgrano contar\u00e1 con red cloacal en los pr\u00f3ximos meses. Asegur\u00f3 que en la gesti\u00f3n anterior las obras de cloacas se ejecutaron con sobreprecios. Confirm\u00f3 que el 16 de marzo se entregar\u00e1n m\u00e1s de 1200 tarjetas ALIMENTAR y que por pedido expreso, las inspectoras regional y distrital de educaci\u00f3n considerar\u00e1n el pedido de cambio horario para el nivel Secundario de Coronel Su\u00e1rez. Adem\u00e1s indic\u00f3 que la Gesti\u00f3n de Gobierno Municipal continuar\u00e1 apoyando el sistema de Becas y Residencias y que la Facultad Presencial comenzar\u00e1 a funcionar en Coronel Su\u00e1rez con la carrera de Contador P\u00fablico. Anunci\u00f3 gestiones para avanzar en obras inconclusas como la Escuela 5 y la Terminal.<br \/>\n\u201cMe hubiese gustado anunciar un plan de viviendas, pavimento, obras de gas , de agua de cloacas, cord\u00f3n cuneta, lo que todos los vecinos me piden a diario, pero cuestiones del destino me hace asumir mi sexto mandato en una crisis econ\u00f3mica y social inesperada, pero quiero decirles que tengo mi esperanza intacta, que este desaf\u00edo lo asumo en nombre de todos los suarenses de bien que quieren habitar este bendito Coronel Su\u00e1rez, al cual amo profundamente, y dar\u00e9 hasta la \u00faltima gota de mi sangre para obtener la inclusi\u00f3n social definitiva por medio del trabajo, la educaci\u00f3n y la salud, esa es mi prioridad,!!!! espero que me acompa\u00f1en, esto es con TODOS Y PARA TODOS\u2026\u2026<br \/>\nEl mensajeComo introducci\u00f3n solo quiero recordar que es dif\u00edcil comenzar una gesti\u00f3n despu\u00e9s de haber recibido un Pa\u00eds, una Provincia y un Municipio arrasado, con r\u00e9cord de inflaci\u00f3n, tarifazos, desempleo, lo que provoca una profunda crisis institucional, econ\u00f3mica y social.<br \/>\nRecordemos el Municipio que recibimos el 10 de diciembre: ten\u00edamos 70 millones de deuda en proveedores \u2013con m\u00e1s de 5 meses de mora desde el mes de agosto\u2013. Sumado a una deuda tomada de recursos afectados de 78 millones y otras deudas menores, sin contar la deuda del IPS, que asciende a $ 90 millones, debemos todav\u00eda 148.394.230 millones, sobre un presupuesto de 1.102.656.847 millones, casi el 13.5% de deuda, con el agravante que excedieron el presupuesto 2019 en 112 millones m\u00e1s, sobregiraron recursos, los cuales debimos asumir.Con este panorama de crisis tuvimos que pagar los sueldos y aguinaldos de diciembre con recursos afectados y tras 85 d\u00edas de gesti\u00f3n de gobierno, seguimos en agon\u00eda, con esa intranquilidad de llegar a fin de mes y no contar con los recursos necesarios para el pago de sueldos y proveedores del Municipio.En nuestra gesti\u00f3n, logramos \u00a0un ATN \u00a0que nos ayud\u00f3 a solventar los incrementos de los gastos en parte, pero seguimos debiendo 148 millones. La realidad es que la recaudaci\u00f3n local, \u00a0es muy baja. En un presupuesto 2019 de $ 1.102 millones s\u00f3lo el 37% es local y el 63% es coparticipaci\u00f3n provincial, se debe producir un sinceramiento de las tasas y siempre el que m\u00e1s tiene\u2026. m\u00e1s tiene que pagar, principio de justicia social.<\/p>\n<p>Tambi\u00e9n hemos heredado m\u00e1s de 1500 familias carentes de recursos y parte del presupuesto debe asistirlos con prioridad, por eso insistimos en que se vote cuanto antes la ordenanza fiscal impositiva, debemos contar con los recursos para la atenci\u00f3n de las familias m\u00e1s humildes, no estamos conformes con la alimentaci\u00f3n \u00a0que reciben, no existe calidad en los alimentos, pero como nuestra prioridad es la inclusi\u00f3n social, haremos lo imposible para que esas familias se alimenten bien, por eso el 16 de marzo se van a entregar 1232 tarjetas del plan ALIMENTAR, por un valor de $ 5.000 c\/u. \u00a0estamos generando cooperativas para que tengan trabajo; para que puedan educar a sus hijos sin privarse de nada\u2026 esa es nuestra prioridad, nuestro compromiso y deber como funcionarios p\u00fablicos.<\/p>\n<p>Hice un diagn\u00f3stico de lo que recibimos y vimos en estos 85 d\u00edas de gobierno. Ahora quiero contarles las acciones que estamos llevando adelante.<\/p>\n<p>\u201cDECLARAMOS LA EMERGENCIA econ\u00f3mica y social, como herramienta v\u00e1lida para empezar a corregir los desfasajes de la situaci\u00f3n.<\/p>\n<p>La secretaria de Hacienda ha ajustado, en primer lugar los costos pol\u00edticos congelando salarios de los funcionarios. Se eliminaron todos los celulares oficiales; los concejales de ambos bloques se bajaron un 25% sus dietas para acompa\u00f1ar el ajuste. En cada sector de salud \u2013enfermer\u00eda, t\u00e9cnicos y mucamas) aceptaron la reducci\u00f3n del 50% en horas extras por francos compensatorios. Lo que pretendemos bajar un 30 % de los 45 millones en horas extras pagadas en el 2019.<\/p>\n<p>Nuestro servicio de Neonatolog\u00eda creado en agosto del 2006 en nuestra gesti\u00f3n rindi\u00f3 sus frutos logramos bajar la mortalidad infantil de un 14 x mil a solo un 8 por mil, pero hoy nos encontramos con un costo imposible de sostener si no se cuenta con el apoyo de la comunidad, 41 millones de pesos cuesta anualmente, y hoy no se cuenta con los recursos para sostenerla, debido a una ca\u00edda abrupta de la coparticipaci\u00f3n en estos \u00faltimos 4 a\u00f1os, por eso pedimos la solidaridad de todos los sectores para que por medio de las tasas podamos cubrirlo.<\/p>\n<p>Estamos haciendo un esfuerzo muy grande para controlar los gastos, no es f\u00e1cil. Iniciamos m\u00e1s de 80 juicios a grandes deudores del Municipio, implementando el sistema de No otorgamiento de gu\u00edas de hacienda a todos aquellos deudores de tasa vial, similar proceso aplicaremos en industria y comercio. Gracias a eso se logr\u00f3 elevar el porcentaje de cobro de las tasas.<\/p>\n<p>Se vienen intimando todas las construcciones clandestinas y las deudas de planes de \u00a0viviendas, terrenos, hasta llegar a ejecutarlas ante el no pago. Lo mismo suceder\u00e1 con las viviendas sociales que no habiten sus respectivos due\u00f1os, es un delito vender esas viviendas cuando todav\u00eda no han sido pagadas en su totalidad, por lo que se proceder\u00e1 a la desadjudicaci\u00f3n inmediata. Deben abstenerse de vender viviendas sociales, porque caeremos con todo el peso de la ley.<\/p>\n<p>No podemos sostener las prestaciones de salud de la poblaci\u00f3n sino cumplimos con nuestras obligaciones como vecinos. Nuestras tasas son las m\u00e1s bajas de la zona, sin embargo, nuestro distrito es el que m\u00e1s servicios brinda.<\/p>\n<p>Hemos elevado al HCD el proyecto de la ordenanza fiscal e impositiva, con aumentos de tasas para todos en general, nada que no se pueda pagar, entiendo que desde el lugar de la oposici\u00f3n siempre van a querer aprobar menos de ese aumento, pero piensen que todo lo que se vote en menos ser\u00e1 en perjuicio directo del ajuste municipal, menos medicamentos para los m\u00e1s humildes, menos alimentos y ayudas, no se podr\u00e1 llegar a pagar los sueldos de los empleados municipales en su totalidad, por eso les pido a los concejales que sean solidarios con los que menos tienen, nosotros no somos responsables del presupuesto recibido, pero s\u00ed nos hicimos cargo, solo pido que sigamos trabajando juntos por nuestra comunidad, porque en definitiva todos queremos el bienestar de la poblaci\u00f3n.<\/p>\n<p>Nosotros hemos sido, somos y vamos a ser transparentes en nuestra gesti\u00f3n como siempre lo hemos demostrado. Estamos diciendo la verdad, no estamos echando culpas a nadie. Decimos lo que hemos recibido y las acciones que venimos tomando para mejorar los sectores. Estamos muy cerca de volver a decir que nuestro distrito volvi\u00f3 a estar limpio y ordenado. Pero insisto, esto se debe a un trabajo incansable que hace la Secretar\u00eda de Servicios P\u00fablicos, entre funcionarios y empleados\u2026 todos juntos trabajan a diario para lograrlo y responder a nuestros vecinos.<\/p>\n<p>Hemos encontrado muchas obras de cloacas con sobreprecios hasta $ 5 mil\/m. Hoy estamos contratando a $ 1.400\/m. Pero quiero que se queden tranquilos nosotros no vamos a hacer una DENUNCIA sin fundamentos, para ensuciar a alg\u00fan ex funcionario, s\u00f3lo vamos a investigar si hubo perjuicio al erario municipal y si lo hubo la justicia lo determinar\u00e1.<\/p>\n<p>Con el apoyo de NACI\u00d3N Y PROVINCIA vamos a continuar con las obras que dejaron paralizadas desde el 2015, \u00a0Acabamos de recibir los fondos por los certificados adeudados para terminar las 100 viviendas de Techo Digno, conseguiremos los recursos para hacer las cloacas y el gas porque el tendido de agua corriente se estar\u00e1 ejecutando la semana que viene en ese barrio con el programa HACER, donde van a trabajar vecinos asistidos de desarrollo social, para que TODOS los vecinos vivan dignamente.<\/p>\n<p>Tambi\u00e9n les quiero contar que hubo que hacer un gran esfuerzo, desde el \u00e1rea de AGUA CORRIENTE para reparar m\u00e1s de 350 p\u00e9rdidas de agua con reclamos de m\u00e1s de 8 meses sin solucionar. Ah\u00ed tambi\u00e9n RESPONDIMOS gracias al compromiso del personal del sector que lograron dar soluciones r\u00e1pidas, a eso, se le sum\u00f3 \u00a0la reparaci\u00f3n y clorado del tanque de agua.<\/p>\n<p>Tambi\u00e9n nos encontramos en la ciudad, con m\u00e1s de 400 farolas fuera de servicios, ROTAS y sin insumos para poder cambiarlas. R\u00e1pidamente GESTIONAMOS y pusimos en marcha el programa SUAREZ LED. En las pr\u00f3ximas semanas reemplazaremos las antiguas l\u00e1mparas de sodio por modernas luces LED, que a su vez, disminuyen el consume\/gasto, contribuyen al cuidado del medio ambiente y dan mejor iluminaci\u00f3n a los barrios.<\/p>\n<p>Estamos a punto de comenzar una obra muy deseada durante a\u00f1os por los vecinos de Villa Belgrano: las CLOACAS, con la puesta en valor de la 2\u00b0 planta depuradora y recursos logrado por medio de gestiones en Naci\u00f3n, monto aproximado de la obra 10 millones.<\/p>\n<p>Avanzamos en la ampliaci\u00f3n del Hospital Municipal: el equipo de arquitectos municipales est\u00e1 realizando los planos, sumando la construcci\u00f3n del edificio de la FUTURA FACULTAD DE CORONEL SUAREZ.<\/p>\n<p>Prometimos entregar a las familias las becas universitarias y terciarias en el mes de marzo y as\u00ed ser\u00e1. Por primera vez en a\u00f1os, ya se entregaron los informes para las becas 2020 en tiempo y forma. Por eso, quiero agradecer a un GRUPO DE COLABORADORAS DE TRABAJO SOCIAL del Instituto de Formaci\u00f3n Docente y T\u00e9cnica N\u00b0 48, que realizaron un abordaje a conciencia y responsable, analizando cada caso para detectar las familias pasibles de recibir las becas, y hoy se elevaron las primeras 56 a este honorable cuerpo para su conocimiento y posterior aprobaci\u00f3n. Estamos trabajando en la RENOVACION de becas, la direcci\u00f3n de educaci\u00f3n fij\u00f3 como fecha de inscripci\u00f3n del 9 de marzo al 30 de abril para los universitarios.<\/p>\n<p>Seguiremos sosteniendo las RESIDENCIAS ESTUDIANTILES en La Plata, Buenos Aires y Bah\u00eda Blanca con el aporte de los fondos educativos, que al d\u00eda de hoy no se tiene el informe de cu\u00e1l ser\u00e1 el monto de los mismos, pero ya hemos pagado con el 30% de aumento las residencias, no vamos a acumular deudas educativas, porque la educaci\u00f3n tambi\u00e9n es nuestra prioridad.<\/p>\n<p>Estamos firmando el convenio con la UNIVERSIDAD NACIONAL DEL SUR y por primera vez en la HISTORIA del distrito, comenzar\u00e1 a funcionar una FACULTAD PRESENCIAL, como sede de la UNS, con la carrera de CONTADOR P\u00daBLICO NACIONAL que en la actualidad ya tiene 124 inscriptos y avanzamos en la construcci\u00f3n del futuro edificio.<\/p>\n<p>Adem\u00e1s, este mismo a\u00f1o, comenzaremos con los cursos y talleres de Inform\u00e1tica, con el prop\u00f3sito de comenzar en septiembre la inscripci\u00f3n de la SEGUNDA CARRERA UNIVERSITARIA de LICENCIATURA EN INFORM\u00c1TICA. Para ello, vamos a elevar un proyecto de Ordenanza creando CREUS, Centro Regional de Educaci\u00f3n Universitaria Suarense. El primer a\u00f1o, el Centro de Estudios funcionar\u00e1 en un edificio alquilado hasta tanto se construya el edificio propio.<br \/>\nHemos recibido el apoyo incondicional de la diputada provincial y directora del Consejo Interuniversitario Provincial Florencia Saintout y de Jaime Perczyk Secretario de Pol\u00edticas Universitarias de Naci\u00f3n, quien comprometi\u00f3 el env\u00edo de mobiliario.<\/p>\n<p>Hemos recibido desde el primer d\u00eda el apoyo de las autoridades del Consejo Escolar con m\u00e1xima colaboraci\u00f3n para resolver los problemas en residencias y la utilizaci\u00f3n de fondos para construcci\u00f3n de aulas vaya mi especial agradecimiento.<\/p>\n<p>Nuestro prop\u00f3sito y m\u00e1ximo desaf\u00edo es que con el correr de los a\u00f1os, CREUS se transforme en una UNIVERSIDAD NACIONAL, PUBLICA Y GRATUITA y estamos convencidos de que lo vamos a lograr.<\/p>\n<p>Con respecto a las OBRAS EDUCATIVAS SIN TERMINAR, est\u00e1 el compromiso del Ministro de Infraestructura de Naci\u00f3n Gabriel Katopodis de finalizar el edificio de la Escuela Secundaria N\u00b0 5 de Santa Trinidad y el Jard\u00edn de Pueblo Santa Mar\u00eda y la terminal de \u00f3mnibus.<\/p>\n<p>Bueno, y algo de \u00faltimo momento que he pedido a nuestra flamante Jefa Distrital de Educaci\u00f3n, profesora Andrea Acosta es el cambio de horario para el nivel Secundario. No estamos de acuerdo que los chicos ingresen a las 7 de la ma\u00f1ana, queremos volver al horario de las 7.45. Para eso, ma\u00f1ana a las 12 se re\u00fanen las jefas distritales, la jefa regional y otras autoridades oficiales para resolver el tema.<\/p>\n<p>Recibimos el 10 de diciembre la suma de 5.100 desocupados (casi el 13% sobre 40 mil habitantes) y comenzamos a analizar a qu\u00e9 se debi\u00f3 semejante porcentaje de desocupaci\u00f3n. Hecho hist\u00f3rico en nuestro distrito.<\/p>\n<p>Claro, la f\u00e1brica de zapatillas en el 2015 ten\u00eda 2700 empleados y en la actualidad solo tiene 700. Hab\u00eda 11 emprendimientos productivos, varias cooperativas de trabajo, muchos comercios y pymes con pleno empleo, pero los aumentos del 3000% en la luz, gas, impuestos hicieron que muchos se vieran en la necesidad de cerrar.\u00a0 Por eso nosotros comenzamos pidiendo al gobierno Nacional que frene las importaciones de zapatillas, cosa que ya se hizo. Despu\u00e9s nos reunimos con el Secretario de Comercio e Industria de la Naci\u00f3n, Ariel Schale, para que sugiera a la empresa de calzado las condiciones de producir en el pa\u00eds. Producir con insumos nacionales significa tomar mano de obra local.<\/p>\n<p>Trajimos al Ministro de Producci\u00f3n, Ciencia e Innovaci\u00f3n Tecnol\u00f3gica de la provincia, Augusto Costa para hablar con los empresarios y recorrer los sectores que quedaron abandonados y que debemos volver a recuperar para el trabajo. GESTIONAMOS.<\/p>\n<p>Estamos pr\u00f3ximos a inaugurar el centro comercial de Barrio Balcarce, vamos a llegar a todos los barrios con nuevas propuestas; incluso la pr\u00f3xima semana comenzando con un programa que se daba en el 2015 llamado Promoci\u00f3n Comunitaria el cual a trav\u00e9s de encuestas barriales que van a realizar un grupo de j\u00f3venes se va a poder identificar las necesidades que tiene cada vecino para as\u00ed saber que prioridad tiene cada barrio.<\/p>\n<p>Se comienza a trabajar con las bloqueras, desde empleo se seleccionan personas asistidas en forma conjunta con desarrollo social, para que las personas puedan ganarse su propio sustento.<\/p>\n<p>Con el apoyo econ\u00f3mica de provincia, se agrandan los talleres textiles y de aparado, en breve se comenzar\u00e1 a producir para otra pcia.<\/p>\n<p>Con respecto a econom\u00eda popular, se implement\u00f3 el sistema de PRO HUERTAS, muchas personas asistidas ya est\u00e1n trabajando para reponer los recursos usados y para lograr un ahorro para su propio sustento, se trabaja con el plan Envi\u00f3n y con un gran grupo de mujeres, vamos a construir los invern\u00e1culos para que puedan producir en el invierno y se siga generando trabajo.<\/p>\n<p>Sigue funcionando la feria Suarez produce creada en nuestra gesti\u00f3n, por la cual invitamos a todos aquellos emprendedores, artesanos y productores a que participen.<\/p>\n<p>Desde la Secretar\u00eda de Gobierno se le viene dando respuestas r\u00e1pidas a los vecinos, instituciones y fuerzas vivas en general.<\/p>\n<p>Estamos pidiendo a las autoridades del AABE que se logre unificar las dos Avenidas m\u00e1s importantes, como son la Av San Martin y Av Alsina.<\/p>\n<p>A partir del mes de marzo vamos a brindar el servicio de atenci\u00f3n Juzgado de Faltas y Registro de las Personas en todas las localidades del distrito de Coronel Suarez.<\/p>\n<p>Suarez Peatonal\u2026 el broche de oro para cerrar los primeros 85 d\u00edas de gobierno, con una gran capacidad e imaginaci\u00f3n y creatividad la Secretar\u00eda de Gobierno en forma conjunta con las otras \u00e1reas que colaboraron, realizaron un evento que va a perdurar en el tiempo, Suarez Peatonal, donde comerciantes, artistas locales, artesanos participaron activamente de esta propuesta, con todo el gabinete, concejales, consejeros presentes aprovechamos a escuchar a los vecinos y dar respuestas r\u00e1pidas.<\/p>\n<p>Deportes, Cultura, tercera edad y turismo, cumplieron con las expectativas deseadas,<\/p>\n<p>Las Delegaciones; trabajan permanentemente con servicios p\u00fablicos para dejar las localidades prolijas y cuidadas.<\/p>\n<p>Y PARA FINALIZAR, \u00a0les quiero decir algo muy sencillo, me hubiese gustado anunciar un plan de viviendas, pavimento, obras de gas , de agua de cloacas, cord\u00f3n cuneta, etcetc, lo que todos los vecinos me piden a diario, pero cuestiones del destino me hace asumir mi sexto mandato en una crisis econ\u00f3mica y social inesperada, pero quiero decirles que tengo mi esperanza intacta, que este desaf\u00edo lo asumo en nombre de todos los suarenses de bien que quieren habitar este bendito Coronel Su\u00e1rez, al cual amo profundamente, y dar\u00e9 hasta la \u00faltima gota de mi sangre para obtener la inclusi\u00f3n social definitiva por medio del trabajo, la educaci\u00f3n y la salud, esa es mi prioridad,!!!! espero que me acompa\u00f1en, esto es con TODOS Y PARA TODOS\u2026\u2026<\/p>\n<p>Y dejo inauguradas OFICIALMENTE las sesiones ordinarias del cuerpo\u2026\u2026<\/p>\n<\/div>\n","protected":false},"excerpt":{"rendered":"<p>Solicit\u00f3 el acompa\u00f1amiento de las y los vecinos de Coronel Su\u00e1rez para poner el distrito de pie, en el marco de una profunda crisis econ\u00f3mica que dej\u00f3 la gesti\u00f3n anterior. Pese al deterioro del anclaje municipal, fue un mensaje de esperanza, con el convencimiento que trabajando Naci\u00f3n, Provincia y Municipio podremos salir adelante juntos. En su mensaje de apertura, el<\/p>\n<div class=\"h10\"><\/div>\n<p><a class=\"more-link1\" href=\"https:\/\/www.hcdcoronelsuarez.gob.ar\/index.php\/2020\/03\/06\/mensaje-del-intendente-moccero-al-inicio-de-las-sesiones-ordinarias-del-concejo\/\">Read more<\/a><\/p>\n","protected":false},"author":1,"featured_media":1018,"comment_status":"closed","ping_status":"closed","sticky":false,"template":"","format":"gallery","meta":{"footnotes":""},"categories":[1],"tags":[],"class_list":["post-1017","post","type-post","status-publish","format-gallery","has-post-thumbnail","hentry","category-sin-categoria","post_format-post-format-gallery"],"_links":{"self":[{"href":"https:\/\/www.hcdcoronelsuarez.gob.ar\/index.php\/wp-json\/wp\/v2\/posts\/1017","targetHints":{"allow":["GET"]}}],"collection":[{"href":"https:\/\/www.hcdcoronelsuarez.gob.ar\/index.php\/wp-json\/wp\/v2\/posts"}],"about":[{"href":"https:\/\/www.hcdcoronelsuarez.gob.ar\/index.php\/wp-json\/wp\/v2\/types\/post"}],"author":[{"embeddable":true,"href":"https:\/\/www.hcdcoronelsuarez.gob.ar\/index.php\/wp-json\/wp\/v2\/users\/1"}],"replies":[{"embeddable":true,"href":"https:\/\/www.hcdcoronelsuarez.gob.ar\/index.php\/wp-json\/wp\/v2\/comments?post=1017"}],"version-history":[{"count":3,"href":"https:\/\/www.hcdcoronelsuarez.gob.ar\/index.php\/wp-json\/wp\/v2\/posts\/1017\/revisions"}],"predecessor-version":[{"id":1026,"href":"https:\/\/www.hcdcoronelsuarez.gob.ar\/index.php\/wp-json\/wp\/v2\/posts\/1017\/revisions\/1026"}],"wp:featuredmedia":[{"embeddable":true,"href":"https:\/\/www.hcdcoronelsuarez.gob.ar\/index.php\/wp-json\/wp\/v2\/media\/1018"}],"wp:attachment":[{"href":"https:\/\/www.hcdcoronelsuarez.gob.ar\/index.php\/wp-json\/wp\/v2\/media?parent=1017"}],"wp:term":[{"taxonomy":"category","embeddable":true,"href":"https:\/\/www.hcdcoronelsuarez.gob.ar\/index.php\/wp-json\/wp\/v2\/categories?post=1017"},{"taxonomy":"post_tag","embeddable":true,"href":"https:\/\/www.hcdcoronelsuarez.gob.ar\/index.php\/wp-json\/wp\/v2\/tags?post=1017"}],"curies":[{"name":"wp","href":"https:\/\/api.w.org\/{rel}","templated":true}]}}